{"id":10142,"date":"2026-01-29T08:29:50","date_gmt":"2026-01-29T07:29:50","guid":{"rendered":"https:\/\/manzuko.com\/blog\/?p=10142"},"modified":"2026-03-18T13:05:23","modified_gmt":"2026-03-18T12:05:23","slug":"kolor-roku-2026-cloud-dancer-kontra-reszta-swiata","status":"publish","type":"post","link":"https:\/\/manzuko.com\/blog\/kolor-roku-2026-cloud-dancer-kontra-reszta-swiata\/","title":{"rendered":"Kolor roku 2026 \u2013 Cloud Dancer kontra reszta \u015bwiata"},"content":{"rendered":"<p><span style=\"font-weight: 400;\">Ten wpis o kolorze roku 2026 mia\u0142 powsta\u0107 na samym pocz\u0105tku stycznia&#8230; Je\u015bli mam by\u0107 szczera barwa wybrana przez Pantone jest tak niemrawa i nieinspiruj\u0105ca, \u017ce d\u0142ugo nie mog\u0142am si\u0119 za niego zabra\u0107. Cloud Dancer to kolor, kt\u00f3ry bardziej przypomina pauz\u0119 ni\u017c wykrzyknik, a ja bardzo potrzebowa\u0142am w tym roku w\u0142a\u015bnie wykrzyknika. Dlatego <strong>dzi\u015b opowiem o nim tylko tyle, ile trzeba, a potem poka\u017c\u0119 Wam alternatywy ze \u015bwiata designu.<\/strong> Mam nadziej\u0119, \u017ce du\u017co lepiej pobudz\u0105 Twoj\u0105 wyobra\u017ani\u0119.<\/span><\/p>\n<h2><b>Kolor roku Pantone 2026: Cloud Dancer<\/b><\/h2>\n<p><span style=\"font-weight: 400;\"><a href=\"https:\/\/www.pantone.com\/color-of-the-year\/2026\">Pantone 11-4201 Cloud Dancer<\/a> to subtelna, lekko prze\u0142amana biel, okre\u015blana jako delikatna, \u201echmurowa\u201d i strukturalna. Nie jest to biel laboratoryjna, zimna i szpitalna. To mi\u0119kki odcie\u0144, kt\u00f3ry balansuje pomi\u0119dzy ciep\u0142em a ch\u0142odem, dzi\u0119ki czemu wydaje si\u0119 organiczny i osadzony w \u015bwiecie natury. <strong>Pantone opisuje go jako otulaj\u0105c\u0105 biel, kt\u00f3ra ma wycisza\u0107, porz\u0105dkowa\u0107 wizualny chaos i wprowadza\u0107 poczucie klarowno\u015bci w prze\u0142adowanej bod\u017acami rzeczywisto\u015bci.<\/strong><\/span><\/p>\n<p><span style=\"font-weight: 400;\">Ideologia stoj\u0105ca za tym wyborem opiera si\u0119 na metaforze pustej kartki. Cloud Dancer ma symbolizowa\u0107 reset po latach informacyjnego przeci\u0105\u017cenia, nowe pocz\u0105tki i \u015bwiadome upraszczanie \u017cycia &#8211; od harmonogramu dnia po przestrze\u0144 wok\u00f3\u0142 nas. Pantone m\u00f3wi o \u201eobietnicy przejrzysto\u015bci\u201d, o kolorze, kt\u00f3ry usuwa wizualny szum i pozwala us\u0142ysze\u0107 w\u0142asny wewn\u0119trzny g\u0142os. W komunikatach podkre\u015bla si\u0119, \u017ce Cloud Dancer nie jest brakiem koloru, lecz \u015bwiadomym wyborem &#8211; gestem zwolnienia tempa i otwarcia przestrzeni na kreatywno\u015b\u0107, introspekcj\u0119 i uwa\u017cne \u017cycie.<\/span><\/p>\n<p><span style=\"font-weight: 400;\"><strong>Symbolicznie ta biel ma pe\u0142ni\u0107 rol\u0119 bezpiecznego t\u0142a, kt\u00f3re \u0142\u0105czy, a nie dzieli.<\/strong> Pantone nazywa j\u0105 \u201ebarw\u0105 strukturaln\u0105\u201d, fundamentem, na kt\u00f3rym mo\u017cna budowa\u0107 ca\u0142\u0105 palet\u0119, od bardzo spokojnych zestawie\u0144 po odwa\u017cne kontrasty. Cloud Dancer ma dzia\u0142a\u0107 jak wizualne sanktuarium &#8211; wprowadza\u0107 spok\u00f3j, porz\u0105dek i oddech zar\u00f3wno we wn\u0119trzach, jak i w produktach, od mody po opakowania. Co wa\u017cne, to pierwszy raz, kiedy w historii programu Color of the Year na piedesta\u0142 trafi\u0142 odcie\u0144 bieli. <strong>Samo w sobie jest to mocnym komunikatem: mniej oznacza wi\u0119cej, prostota staje si\u0119 luksusem, a \u201ecisza\u201d w kolorze ma by\u0107 odpowiedzi\u0105 na globalny zgie\u0142k.<\/strong><\/span><\/p>\n<h2><img decoding=\"async\" class=\"aligncenter wp-image-10147 size-large\" src=\"https:\/\/manzuko.com\/blog\/wp-content\/uploads\/2026\/01\/Cloud-dancer-kolor-roku-pantone-2026-682x1024.jpg\" alt=\"Z\u0142amana biel, czemu cloud dancer to z\u0142y wyb\u00f3r na 2026\" width=\"682\" height=\"1024\" srcset=\"https:\/\/manzuko.com\/blog\/wp-content\/uploads\/2026\/01\/Cloud-dancer-kolor-roku-pantone-2026-682x1024.jpg 682w, https:\/\/manzuko.com\/blog\/wp-content\/uploads\/2026\/01\/Cloud-dancer-kolor-roku-pantone-2026-200x300.jpg 200w, https:\/\/manzuko.com\/blog\/wp-content\/uploads\/2026\/01\/Cloud-dancer-kolor-roku-pantone-2026-768x1152.jpg 768w, https:\/\/manzuko.com\/blog\/wp-content\/uploads\/2026\/01\/Cloud-dancer-kolor-roku-pantone-2026-850x1275.jpg 850w, https:\/\/manzuko.com\/blog\/wp-content\/uploads\/2026\/01\/Cloud-dancer-kolor-roku-pantone-2026.jpg 875w\" sizes=\"(max-width: 682px) 100vw, 682px\" \/><\/h2>\n<h2><b>Cloud Dancer &#8211; pi\u0119kny&#8230;\u00a0<\/b><\/h2>\n<p><span style=\"font-weight: 400;\">Mam z Cloud Dancer bardzo ambiwalentn\u0105 relacj\u0119. Z jednej strony to kolor, kt\u00f3ry szczerze uwielbiam w naturze. Widz\u0119 go w mi\u0119kkiej owczej we\u0142nie, we wn\u0119trzu muszli, w matowej ko\u015bci s\u0142oniowej, spr\u0119\u017cystym mi\u0105\u017cszu pszennego chleba czy mlecznej morskiej pianie unosz\u0105cej si\u0119 na falach. Widz\u0119 go w boczniakach, w \u015bmietankowych kwiatach, w rozmra\u017canych przed Wigili\u0105 uszkach le\u017c\u0105cych na lnianej \u015bcierce. To kolor rodzinnych skojarze\u0144, mi\u0119kko\u015bci, \u015bwiat\u0142a wpadaj\u0105cego przez mleczne szk\u0142o.\u200b<\/span><\/p>\n<h2><b>&#8230;ale nie na ten rok<\/b><\/h2>\n<p><span style=\"font-weight: 400;\"><strong>Z drugiej strony, gdy pytam siebie, czy to dobry wyb\u00f3r na kolor roku 2026, odpowied\u017a brzmi: nie.<\/strong> W \u015bwiecie, w kt\u00f3rym AI wchodzi nam pod sk\u00f3r\u0119 coraz mocniej, a indywidualno\u015b\u0107 staje si\u0119 jednym z ostatnich p\u00f3l, o kt\u00f3re warto zawalczy\u0107, koniecznie potrzebujemy barw, kt\u00f3re wyra\u017anie opowiadaj\u0105 si\u0119 po stronie r\u00f3\u017cnorodno\u015bci, emocji i zaanga\u017cowania. Prawie bia\u0142a, \u201ebezpieczna\u201d barwa to estetyczny kompromis, kt\u00f3ry bardzo dobrze wygl\u0105da, ale niewiele m\u00f3wi o tym, co naprawd\u0119 dzieje si\u0119 na \u015bwiecie.<\/span><\/p>\n<p><span style=\"font-weight: 400;\"><strong>Pantone, instytucja o ogromnym wp\u0142ywie na mod\u0119, design i marketing, tym wyborem jakby unika wyrazistego komentarza. W oficjalnych narracjach czytamy o spokoju, refleksji i ciszy. Mi jednak trudno oprze\u0107 si\u0119 wra\u017ceniu, \u017ce ten brak koloru to r\u00f3wnie\u017c brak opowiedzenia si\u0119 po jakiejkolwiek stronie.<\/strong> W czasach kryzys\u00f3w klimatycznych, geopolitycznych napi\u0119\u0107 i dyskusji o przysz\u0142o\u015bci pracy, wyb\u00f3r prawie-bieli jako globalnego symbolu wydaje si\u0119 zbyt wygodny. Jak bia\u0142e r\u0119kawiczki, kt\u00f3re pozwalaj\u0105 nie pobrudzi\u0107 sobie r\u0105k od temat\u00f3w, o kt\u00f3rych wszyscy i tak rozmawiamy.<\/span><\/p>\n<p><span style=\"font-weight: 400;\"><strong>Jako projektantka i tw\u00f3rczyni bi\u017cuterii widz\u0119 w Cloud Dancer ogromny potencja\u0142, ale nie w roli g\u0142\u00f3wnego bohatera.<\/strong> To fantastyczna baza dla dodatk\u00f3w &#8211; od porcelanowych koralik\u00f3w, przez matowe kamienie, po elementy w odcieniach koralowca. Bi\u017cuteria w kolorze cloud dancer b\u0119dzie spokojna, ponadczasowa, elegancka, \u0142atwa do noszenia na co dzie\u0144 i cudownie \u201eczysta\u201d wizualnie. Jednak jako<a href=\"https:\/\/manzuko.com\/blog\/category\/kolor-roku\/\"> kolor roku<\/a> 2026 brakuje mu iskry. Nie czuj\u0119 w nim ani energii czasu, w kt\u00f3rym \u017cyjemy, ani odwagi, kt\u00f3rej bardzo dzi\u015b potrzebujemy w projektowaniu i w kulturze.<\/span><\/p>\n<figure id=\"attachment_10149\" aria-describedby=\"caption-attachment-10149\" style=\"width: 1024px\" class=\"wp-caption aligncenter\"><img decoding=\"async\" class=\"wp-image-10149 size-large\" src=\"https:\/\/manzuko.com\/blog\/wp-content\/uploads\/2026\/01\/Kolor-roku-transvormative-teal-2026-1024x726.jpg\" alt=\"WGSN i coloro transformatywny turkus jako kolor roku 2026\" width=\"1024\" height=\"726\" srcset=\"https:\/\/manzuko.com\/blog\/wp-content\/uploads\/2026\/01\/Kolor-roku-transvormative-teal-2026-1024x726.jpg 1024w, https:\/\/manzuko.com\/blog\/wp-content\/uploads\/2026\/01\/Kolor-roku-transvormative-teal-2026-300x213.jpg 300w, https:\/\/manzuko.com\/blog\/wp-content\/uploads\/2026\/01\/Kolor-roku-transvormative-teal-2026-768x545.jpg 768w, https:\/\/manzuko.com\/blog\/wp-content\/uploads\/2026\/01\/Kolor-roku-transvormative-teal-2026-1536x1090.jpg 1536w, https:\/\/manzuko.com\/blog\/wp-content\/uploads\/2026\/01\/Kolor-roku-transvormative-teal-2026-850x603.jpg 850w, https:\/\/manzuko.com\/blog\/wp-content\/uploads\/2026\/01\/Kolor-roku-transvormative-teal-2026.jpg 1748w\" sizes=\"(max-width: 1024px) 100vw, 1024px\" \/><figcaption id=\"caption-attachment-10149\" class=\"wp-caption-text\">\u017br\u00f3d\u0142o: wgsn.com<\/figcaption><\/figure>\n<h2><b>Transformative Teal &#8211; kolor zmiany i r\u00f3wnowagi (WGSN + Coloro)<\/b><\/h2>\n<p><span style=\"font-weight: 400;\">Transformative Teal, kolor roku 2026 wed\u0142ug WGSN i Coloro, to g\u0142\u0119boka mieszanka stabilnego ciemnego b\u0142\u0119kitu i wodnej zieleni.<strong> Ten odcie\u0144 powsta\u0142 jako odpowied\u017a na \u015bwiat balansuj\u0105cy mi\u0119dzy potrzeb\u0105 bezpiecze\u0144stwa a konieczno\u015bci\u0105 radykalnej zmiany. Ma odzwierciedla\u0107 \u201eEarth first mindset\u201d &#8211; skupienie na ziemi, regeneracji i projektowaniu<\/strong>, kt\u00f3re bierze pod uwag\u0119 przysz\u0142e pokolenia.<\/span><\/p>\n<p><span style=\"font-weight: 400;\">WGSN opisuje Transformative Teal jako barw\u0119 adaptacji, odnowy i \u015bwiadomego dostosowywania si\u0119 do nowych warunk\u00f3w. To kolor, kt\u00f3ry ma pom\u00f3c nam przej\u015b\u0107 przez okres przekierowania &#8211; moment, w kt\u00f3rym stare modele my\u015blenia i dzia\u0142ania s\u0105 kwestionowane, a na ich miejsce wchodz\u0105 bardziej odpowiedzialne i wsp\u00f3lnotowe podej\u015bcia. Psychologicznie ten odcie\u0144 turkusu dzia\u0142a koj\u0105co, daje poczucie kontroli i klarowno\u015bci. Jednocze\u015bnie jest wystarczaj\u0105co wyrazisty, by sta\u0107 si\u0119 znakiem graficznym naszych czas\u00f3w. \u015awietnie wygl\u0105da zar\u00f3wno na ekranach, jak i w fizycznych materia\u0142ach, \u0142\u0105cz\u0105c \u015bwiat natury z estetyk\u0105 nowych technologii.\u200b<\/span><\/p>\n<figure id=\"attachment_10148\" aria-describedby=\"caption-attachment-10148\" style=\"width: 1024px\" class=\"wp-caption aligncenter\"><img decoding=\"async\" class=\"wp-image-10148 size-large\" src=\"https:\/\/manzuko.com\/blog\/wp-content\/uploads\/2026\/01\/BEHR-kolor-roku-2026-hidden-gem-1024x726.jpg\" alt=\"Hidden GEM kolor roku 2026 wed\u0142ug BEHR\" width=\"1024\" height=\"726\" srcset=\"https:\/\/manzuko.com\/blog\/wp-content\/uploads\/2026\/01\/BEHR-kolor-roku-2026-hidden-gem-1024x726.jpg 1024w, https:\/\/manzuko.com\/blog\/wp-content\/uploads\/2026\/01\/BEHR-kolor-roku-2026-hidden-gem-300x213.jpg 300w, https:\/\/manzuko.com\/blog\/wp-content\/uploads\/2026\/01\/BEHR-kolor-roku-2026-hidden-gem-768x545.jpg 768w, https:\/\/manzuko.com\/blog\/wp-content\/uploads\/2026\/01\/BEHR-kolor-roku-2026-hidden-gem-1536x1090.jpg 1536w, https:\/\/manzuko.com\/blog\/wp-content\/uploads\/2026\/01\/BEHR-kolor-roku-2026-hidden-gem-850x603.jpg 850w, https:\/\/manzuko.com\/blog\/wp-content\/uploads\/2026\/01\/BEHR-kolor-roku-2026-hidden-gem.jpg 1748w\" sizes=\"(max-width: 1024px) 100vw, 1024px\" \/><figcaption id=\"caption-attachment-10148\" class=\"wp-caption-text\">\u017br\u00f3d\u0142o: behr.com<\/figcaption><\/figure>\n<h2><b>Hidden Gem &#8211; ukojenie z charakterem (Behr)<\/b><\/h2>\n<p><span style=\"font-weight: 400;\">Hidden Gem, kolor roku 2026 wed\u0142ug Behr, to elegancki odcie\u0144 mi\u0119dzy g\u0142\u0119bokim turkusem a przydymion\u0105 zieleni\u0105. <strong>Marka opisuje go jako \u201eukryty skarb\u201d, kt\u00f3ry ma odkrywa\u0107 przed nami spok\u00f3j, komfort i poczucie bezpiecze\u0144stwa<\/strong> we wn\u0119trzach. To odcie\u0144, kt\u00f3ry od razu <strong>przywodzi na my\u015bl ch\u0142odny cie\u0144 pod koronami drzew, morskie szk\u0142o i szlachetne kamienie.<\/strong><\/span><\/p>\n<p><span style=\"font-weight: 400;\">W praktyce Hidden Gem \u015bwietnie sprawdza si\u0119 zar\u00f3wno na wi\u0119kszych powierzchniach, jak \u015bciany, jak i w detalac. Ma w sobie wystarczaj\u0105co g\u0142\u0119bi, by doda\u0107 wn\u0119trzu charakteru, ale nie jest nachalny ani m\u0119cz\u0105cy wzrok. Behr podkre\u015bla, \u017ce to kolor, kt\u00f3ry ma pomaga\u0107 tworzy\u0107 \u201eprywatne sanktuaria\u201d &#8211; przestrzenie do regeneracji, odpoczynku i spokojnej pracy w \u015bwiecie, kt\u00f3ry ci\u0105gle przyspiesza. W bi\u017cuterii odcie\u0144 hidden gem z \u0142atwo\u015bci\u0105 prze\u0142o\u017cy\u0142by si\u0119 na jadeity, matowe szk\u0142o i glazurowan\u0105 ceramik\u0119 w eleganckim, ch\u0142odnym tonie.<\/span><\/p>\n<p><img decoding=\"async\" class=\"aligncenter wp-image-10151 size-large\" src=\"https:\/\/manzuko.com\/blog\/wp-content\/uploads\/2026\/01\/Studio-otra-deep-plum-kolor-roku-2026-1024x726.jpg\" alt=\"G\u0142\u0119boka, burgundowa \u015bliwka kolorem roku wed\u0142ug Studio Otra\" width=\"1024\" height=\"726\" srcset=\"https:\/\/manzuko.com\/blog\/wp-content\/uploads\/2026\/01\/Studio-otra-deep-plum-kolor-roku-2026-1024x726.jpg 1024w, https:\/\/manzuko.com\/blog\/wp-content\/uploads\/2026\/01\/Studio-otra-deep-plum-kolor-roku-2026-300x213.jpg 300w, https:\/\/manzuko.com\/blog\/wp-content\/uploads\/2026\/01\/Studio-otra-deep-plum-kolor-roku-2026-768x545.jpg 768w, https:\/\/manzuko.com\/blog\/wp-content\/uploads\/2026\/01\/Studio-otra-deep-plum-kolor-roku-2026-1536x1090.jpg 1536w, https:\/\/manzuko.com\/blog\/wp-content\/uploads\/2026\/01\/Studio-otra-deep-plum-kolor-roku-2026-850x603.jpg 850w, https:\/\/manzuko.com\/blog\/wp-content\/uploads\/2026\/01\/Studio-otra-deep-plum-kolor-roku-2026.jpg 1748w\" sizes=\"(max-width: 1024px) 100vw, 1024px\" \/><\/p>\n<h2><b>Deep Plum &#8211; emocje, kt\u00f3re nie boj\u0105 si\u0119 ciemno\u015bci (Studio Otra)<\/b><\/h2>\n<p><span style=\"font-weight: 400;\">Deep Plum, lansowany mi\u0119dzy innymi przez Studio Otra i niezale\u017cnych projektant\u00f3w jako jeden z kluczowych kolor\u00f3w 2026. <strong>To g\u0142\u0119boka, \u015bliwkowa purpura o wyra\u017anie nasyconym, zmys\u0142owym charakterze.<\/strong> To odcie\u0144 kojarz\u0105cy si\u0119 z dojrza\u0142ymi jesiennymi owocami, kompotem z owoc\u00f3w le\u015bnych, lampk\u0105 wina pit\u0105 na randce. Jest w nim co\u015b melancholijnego, ale tak\u017ce bardzo odwa\u017cnego &#8211; jak przyznanie, \u017ce nie wszystko w \u015bwiecie da si\u0119 sprowadzi\u0107 do wyg\u0142adzonej \u201eestetyki spokoju\u201d.<\/span><\/p>\n<p><span style=\"font-weight: 400;\">Deep Plum \u015bwietnie rezonuje z nastrojem czas\u00f3w, w kt\u00f3rych emocje s\u0105 coraz cz\u0119\u015bciej obecne w dyskusji publicznej.<strong> M\u00f3wi o g\u0142\u0119bi, wra\u017cliwo\u015bci i sile, a nie tylko o \u201epozytywnym my\u015bleniu\u201d.<\/strong> W zestawieniu z neutralami tworzy bardzo wyrafinowane, \u201edoros\u0142e\u201d palety, a w po\u0142\u0105czeniu z b\u0142yskami metalu staje si\u0119 niemal bi\u017cuteryjny z natury. W kontek\u015bcie bi\u017cuterii to gotowa inspiracja do pracy z granatem, ametystem, szk\u0142em w odcieniu burgundu czy g\u0142\u0119bok\u0105 \u015bliwk\u0105, kt\u00f3re pi\u0119knie graj\u0105 z faktur\u0105 z\u0142ota, mosi\u0105dzu i ciemnego srebra.<\/span><\/p>\n<figure id=\"attachment_10146\" aria-describedby=\"caption-attachment-10146\" style=\"width: 1024px\" class=\"wp-caption aligncenter\"><img decoding=\"async\" class=\"wp-image-10146 size-large\" src=\"https:\/\/manzuko.com\/blog\/wp-content\/uploads\/2026\/01\/Kolory-roku-2026-wedlug-Dulux-1024x189.png\" alt=\"Dulux na kolory roku 2026 wybra\u0142 3 odcienie niebieskiego\" width=\"1024\" height=\"189\" srcset=\"https:\/\/manzuko.com\/blog\/wp-content\/uploads\/2026\/01\/Kolory-roku-2026-wedlug-Dulux-1024x189.png 1024w, https:\/\/manzuko.com\/blog\/wp-content\/uploads\/2026\/01\/Kolory-roku-2026-wedlug-Dulux-300x55.png 300w, https:\/\/manzuko.com\/blog\/wp-content\/uploads\/2026\/01\/Kolory-roku-2026-wedlug-Dulux-768x142.png 768w, https:\/\/manzuko.com\/blog\/wp-content\/uploads\/2026\/01\/Kolory-roku-2026-wedlug-Dulux-850x157.png 850w, https:\/\/manzuko.com\/blog\/wp-content\/uploads\/2026\/01\/Kolory-roku-2026-wedlug-Dulux.png 1492w\" sizes=\"(max-width: 1024px) 100vw, 1024px\" \/><figcaption id=\"caption-attachment-10146\" class=\"wp-caption-text\">\u017br\u00f3d\u0142o: dulux.co.uk<\/figcaption><\/figure>\n<h2><b>Indigo i b\u0142\u0119kitne g\u0142\u0119bie &#8211; propozycje Dulux<\/b><\/h2>\n<p><span style=\"font-weight: 400;\">Eksperci Dulux na rok 2026 zaproponowali palet\u0119 opart\u0105 na odcieniach indygo &#8211; barwach, kt\u00f3re jednocze\u015bnie uspokajaj\u0105 i dodaj\u0105 energii. W komunikatach marki pojawiaj\u0105 si\u0119 nazwy takie jak marynistyczne granaty i odcienie inspirowane morsk\u0105 wod\u0105 oraz wieczornym niebem. <strong>Te kolory maj\u0105 zapewnia\u0107 poczucie bezpiecze\u0144stwa i zakorzenienia, a jednocze\u015bnie otwiera\u0107 przestrze\u0144 na marzenia i kreatywno\u015b\u0107.<\/strong><\/span><\/p>\n<p><span style=\"font-weight: 400;\">Dulux podkre\u015bla, \u017ce b\u0142\u0119kity i indygo w 2026 roku pe\u0142ni\u0105 funkcj\u0119 \u201ekolor\u00f3w kotwicy\u201d &#8211; pomagaj\u0105 odzyska\u0107 r\u00f3wnowag\u0119 emocjonaln\u0105, tworz\u0105 idealne t\u0142o do \u017cycia, pracy i odpoczynku. Wn\u0119trza w takich odcieniach zyskuj\u0105 charakter, ale wci\u0105\u017c pozostaj\u0105 komfortowe i przytulne. W designie bi\u017cuterii to zaproszenie do pracy z lapisem, sodalitem, ciemnym szk\u0142em i emali\u0105 w odcieniach granatu, kt\u00f3re pi\u0119knie kontrastuj\u0105 z jasnymi neutralami pokroju cloud dancer.<\/span><\/p>\n<figure id=\"attachment_10145\" aria-describedby=\"caption-attachment-10145\" style=\"width: 1024px\" class=\"wp-caption aligncenter\"><img decoding=\"async\" class=\"size-large wp-image-10145\" src=\"https:\/\/manzuko.com\/blog\/wp-content\/uploads\/2026\/01\/Kolor-roku-2026-wedlug-PPG-1024x507.png\" alt=\"Ziele\u0144 regeneracji kolor roku wybrany przez PPG\" width=\"1024\" height=\"507\" srcset=\"https:\/\/manzuko.com\/blog\/wp-content\/uploads\/2026\/01\/Kolor-roku-2026-wedlug-PPG-1024x507.png 1024w, https:\/\/manzuko.com\/blog\/wp-content\/uploads\/2026\/01\/Kolor-roku-2026-wedlug-PPG-300x149.png 300w, https:\/\/manzuko.com\/blog\/wp-content\/uploads\/2026\/01\/Kolor-roku-2026-wedlug-PPG-768x380.png 768w, https:\/\/manzuko.com\/blog\/wp-content\/uploads\/2026\/01\/Kolor-roku-2026-wedlug-PPG-850x421.png 850w, https:\/\/manzuko.com\/blog\/wp-content\/uploads\/2026\/01\/Kolor-roku-2026-wedlug-PPG.png 1345w\" sizes=\"(max-width: 1024px) 100vw, 1024px\" \/><figcaption id=\"caption-attachment-10145\" class=\"wp-caption-text\">\u0179r\u00f3d\u0142o: poland.ppg.com<\/figcaption><\/figure>\n<h2><b>PPG i barwa regeneracji &#8211; zielona energia przysz\u0142o\u015bci<\/b><\/h2>\n<p><span style=\"font-weight: 400;\">PPG w swoich prognozach kolorystycznych na 2026 rok stawia na odcie\u0144 z pogranicza \u017c\u00f3\u0142ci i zieleni. Naturalny, nieco mineralny, o lekkim, \u201eorganicznie zakurzonym\u201d charakterze. <strong>Kolor ten ma odzwierciedla\u0107 rosn\u0105ce znaczenie regeneracji, troski o \u015brodowisko i poszukiwania r\u00f3wnowagi mi\u0119dzy rozwojem technologicznym a \u015bwiatem natury.<\/strong> W przekazie PPG to barwa, kt\u00f3ra jednocze\u015bnie uspokaja i pobudza do dzia\u0142ania.\u200b<\/span><\/p>\n<p><span style=\"font-weight: 400;\">Tego typu zielenie, z nut\u0105 oliwki i mchu, bardzo dobrze sprawdzaj\u0105 si\u0119 w aran\u017cacjach inspirowanych natur\u0105. \u015awietnie wygl\u0105daj\u0105 te\u017c w zestawieniu z ciep\u0142ym drewnem, rattanem i kamieniem. W bi\u017cuterii przenosz\u0105 si\u0119 bezpo\u015brednio na jaspisy, serpentynity, jadeity i szk\u0142o w odcieniach mchu czy oliwki. To kolory, kt\u00f3re \u0142atwo powi\u0105za\u0107 z odpowiedzialnym projektowaniem, \u015bwiadom\u0105 konsumpcj\u0105 i trosk\u0105 o to, sk\u0105d pochodz\u0105 materia\u0142y, kt\u00f3re nosimy na sobie.\u200b<\/span><\/p>\n<p><img decoding=\"async\" class=\"aligncenter size-large wp-image-10152\" src=\"https:\/\/manzuko.com\/blog\/wp-content\/uploads\/2026\/01\/Kolory-ktorych-nie-da-sie-przekazac-cyfrowo-1024x726.jpg\" alt=\"Wyj\u0105tkowe kolory, kt\u00f3rych nie podrobi sztuczna inteligencja\" width=\"1024\" height=\"726\" srcset=\"https:\/\/manzuko.com\/blog\/wp-content\/uploads\/2026\/01\/Kolory-ktorych-nie-da-sie-przekazac-cyfrowo-1024x726.jpg 1024w, https:\/\/manzuko.com\/blog\/wp-content\/uploads\/2026\/01\/Kolory-ktorych-nie-da-sie-przekazac-cyfrowo-300x213.jpg 300w, https:\/\/manzuko.com\/blog\/wp-content\/uploads\/2026\/01\/Kolory-ktorych-nie-da-sie-przekazac-cyfrowo-768x545.jpg 768w, https:\/\/manzuko.com\/blog\/wp-content\/uploads\/2026\/01\/Kolory-ktorych-nie-da-sie-przekazac-cyfrowo-1536x1090.jpg 1536w, https:\/\/manzuko.com\/blog\/wp-content\/uploads\/2026\/01\/Kolory-ktorych-nie-da-sie-przekazac-cyfrowo-850x603.jpg 850w, https:\/\/manzuko.com\/blog\/wp-content\/uploads\/2026\/01\/Kolory-ktorych-nie-da-sie-przekazac-cyfrowo.jpg 1748w\" sizes=\"(max-width: 1024px) 100vw, 1024px\" \/><\/p>\n<h2><b>Kolory, kt\u00f3rych cyfry jeszcze nie dogoni\u0142y<\/b><\/h2>\n<p><span style=\"font-weight: 400;\"><strong>Obok trend\u00f3w i oficjalnych \u201ekolor\u00f3w roku\u201d istniej\u0105 barwy, kt\u00f3re \u017cyj\u0105 gdzie\u015b pomi\u0119dzy \u015bwiatami i kt\u00f3rych wci\u0105\u017c nie da si\u0119 dobrze uchwyci\u0107 cyfrowo<\/strong>. My\u015bl\u0119 o kolorze widocznym tylko wewn\u0105trz grubego kawa\u0142ka szk\u0142a. Kiedy \u015bwiat\u0142o przechodzi przez jego \u015brodek i nagle wszystko zaczyna ja\u015bnie\u0107 seledynow\u0105 po\u015bwiat\u0105. O pomara\u0144czu mokrej terakoty po deszczu, kiedy ceg\u0142a staje si\u0119 ci\u0119\u017csza, ciemniejsza i nabiera satynowego po\u0142ysku.<\/span><\/p>\n<p><span style=\"font-weight: 400;\">Jest te\u017c pomara\u0144cz rozgrzanego szk\u0142a, prawie nierealny, jakby materia stawa\u0142a si\u0119 p\u0142ynna i \u015bwietlista jednocze\u015bnie. B\u0142\u0119kit kt\u00f3ry widzi si\u0119 patrz\u0105c ku powierzchni z g\u0142\u0119bi oceanu. I wreszcie b\u0142yszcz\u0105ca szaro\u015b\u0107, kt\u00f3r\u0105 da si\u0119 otrzyma\u0107 tylko r\u0119cznie &#8211; po na\u0142o\u017ceniu grubej warstwy grafitu z o\u0142\u00f3wka na papier, gdy grafit zaczyna odbija\u0107 \u015bwiat\u0142o jak metal. Te kolory istniej\u0105 g\u0142\u00f3wnie w do\u015bwiadczeniu: w dotyku, ci\u0119\u017carze, temperaturze. <strong>Mam ogromn\u0105 nadziej\u0119, \u017ce kiedy\u015b uda si\u0119 je wierniej uchwyci\u0107 cyfrowo. Jednocze\u015bnie ciesz\u0119 si\u0119, \u017ce na razie pozostaj\u0105 troch\u0119 \u201enieprzek\u0142adalne\u201d &#8211; jak ma\u0142e przypomnienie, \u017ce \u015bwiat analogowy wci\u0105\u017c ma elementy przewagi nad p\u0119dz\u0105c\u0105 robotyzacj\u0105.<\/strong><\/span><\/p>\n<p>&nbsp;<\/p>\n<h2><b>Cloud Dancer w manzuko &#8211; subtelna baza, odwa\u017cne akcenty<\/b><\/h2>\n<p><span style=\"font-weight: 400;\"><strong>Cloud Dancer jako kolor roku 2026 nie podbija mojego serca, ale jako odcie\u0144 w palecie jest absolutnie zachwycaj\u0105cy.<\/strong> W bi\u017cuterii to idealna baza: neutralna, elegancka, mi\u0119kka, gotowa, by przyj\u0105\u0107 ka\u017cdy kolor, kt\u00f3ry ustawisz obok. Wyobra\u017cam go sobie w b\u0142yszcz\u0105cych koralikach z porcelany, w delikatnie odbijaj\u0105cej \u015bwiat\u0142o \u017cywicy. W szkle przypominaj\u0105cym mleko z odrobin\u0105 kawy albo w kamieniach o \u015bmietankowym tonie.<\/span><\/p>\n<p><span style=\"font-weight: 400;\">W manzuko znajdziecie sporo produkt\u00f3w <a href=\"https:\/\/manzuko.com\/grupa\/48\">w kolorze Cloud Dancer<\/a>. Od masy per\u0142owej, przez koraliki ceramiczne w kolorach ko\u015bci s\u0142oniowej, a\u017c po rzemienie, kaboszony i inne elementy. Wszystkie pi\u0119knie zagraj\u0105 solo, ale zach\u0119cam Ci\u0119, \u017ceby\u015b po\u0142\u0105czy\u0142a je z transformative teal, hidden gem czy deep plum. Mo\u017ce w twoich r\u0119kach Cloud Dancer te\u017c nie b\u0119dzie \u201cwyrokiem\u201d a stanie si\u0119 polem do eksperyment\u00f3w? Tak jak dla mnie by\u0142 impulsem do zmiany formy tego corocznego wpisu. Daj zna\u0107 w komentarzu, co my\u015blisz o cloud dancer. Jestem bardzo ciekawa, po jakie kolory si\u0119gniesz w swoich projektach bi\u017cuteryjnych na ten rok.<\/span><\/p>\n<p>&nbsp;<\/p>\n","protected":false},"excerpt":{"rendered":"<p>Ten wpis o kolorze roku 2026 mia\u0142 powsta\u0107 na samym pocz\u0105tku stycznia&#8230; Je\u015bli mam by\u0107 szczera barwa wybrana przez Pantone jest tak niemrawa&hellip;<\/p>\n","protected":false},"author":9,"featured_media":10150,"comment_status":"open","ping_status":"closed","sticky":false,"template":"","format":"standard","meta":{"footnotes":""},"categories":[184],"tags":[110],"class_list":["post-10142","post","type-post","status-publish","format-standard","has-post-thumbnail","hentry","category-pantone-kolor-roku","tag-artykuly-o-trendach"],"yoast_head":"<!-- This site is optimized with the Yoast SEO Premium plugin v26.8 (Yoast SEO v27.5) - https:\/\/yoast.com\/product\/yoast-seo-premium-wordpress\/ -->\n<title>Kolor roku 2026 \u2013 Cloud Dancer kontra reszta \u015bwiata - Blog manzuko.com<\/title>\n<meta name=\"description\" content=\"Cloud Dancer, kolor roku 2026, to organiczna biel. Odkryj, dlaczego ta barwa mo\u017ce nie inspirowa\u0107 w tym roku.\" \/>\n<meta name=\"robots\" content=\"index, follow, max-snippet:-1, max-image-preview:large, max-video-preview:-1\" \/>\n<link rel=\"canonical\" href=\"https:\/\/manzuko.com\/blog\/kolor-roku-2026-cloud-dancer-kontra-reszta-swiata\/\" \/>\n<meta property=\"og:locale\" content=\"pl_PL\" \/>\n<meta property=\"og:type\" content=\"article\" \/>\n<meta property=\"og:title\" content=\"Kolor roku 2026 \u2013 Cloud Dancer kontra reszta \u015bwiata\" \/>\n<meta property=\"og:description\" content=\"Cloud Dancer, kolor roku 2026, to organiczna biel. Odkryj, dlaczego ta barwa mo\u017ce nie inspirowa\u0107 w tym roku.\" \/>\n<meta property=\"og:url\" content=\"https:\/\/manzuko.com\/blog\/kolor-roku-2026-cloud-dancer-kontra-reszta-swiata\/\" \/>\n<meta property=\"og:site_name\" content=\"Blog manzuko.com\" \/>\n<meta property=\"article:publisher\" content=\"https:\/\/pl-pl.facebook.com\/manzukocom\/\" \/>\n<meta property=\"article:published_time\" content=\"2026-01-29T07:29:50+00:00\" \/>\n<meta property=\"article:modified_time\" content=\"2026-03-18T12:05:23+00:00\" \/>\n<meta property=\"og:image\" content=\"https:\/\/manzuko.com\/blog\/wp-content\/uploads\/2026\/01\/Pantone-2026-kolor-roku-cloud-dancer.jpg\" \/>\n\t<meta property=\"og:image:width\" content=\"1748\" \/>\n\t<meta property=\"og:image:height\" content=\"1240\" \/>\n\t<meta property=\"og:image:type\" content=\"image\/jpeg\" \/>\n<meta name=\"author\" content=\"Martyna Koniarska\" \/>\n<meta name=\"twitter:card\" content=\"summary_large_image\" \/>\n<meta name=\"twitter:label1\" content=\"Napisane przez\" \/>\n\t<meta name=\"twitter:data1\" content=\"Martyna Koniarska\" \/>\n\t<meta name=\"twitter:label2\" content=\"Szacowany czas czytania\" \/>\n\t<meta name=\"twitter:data2\" content=\"12 minut\" \/>\n<script type=\"application\/ld+json\" class=\"yoast-schema-graph\">{\"@context\":\"https:\\\/\\\/schema.org\",\"@graph\":[{\"@type\":\"Article\",\"@id\":\"https:\\\/\\\/manzuko.com\\\/blog\\\/kolor-roku-2026-cloud-dancer-kontra-reszta-swiata\\\/#article\",\"isPartOf\":{\"@id\":\"https:\\\/\\\/manzuko.com\\\/blog\\\/kolor-roku-2026-cloud-dancer-kontra-reszta-swiata\\\/\"},\"author\":{\"name\":\"Martyna Koniarska\",\"@id\":\"https:\\\/\\\/manzuko.com\\\/blog\\\/#\\\/schema\\\/person\\\/b98c12ad72579ac42024bf30dd69a182\"},\"headline\":\"Kolor roku 2026 \u2013 Cloud Dancer kontra reszta \u015bwiata\",\"datePublished\":\"2026-01-29T07:29:50+00:00\",\"dateModified\":\"2026-03-18T12:05:23+00:00\",\"mainEntityOfPage\":{\"@id\":\"https:\\\/\\\/manzuko.com\\\/blog\\\/kolor-roku-2026-cloud-dancer-kontra-reszta-swiata\\\/\"},\"wordCount\":2001,\"commentCount\":0,\"publisher\":{\"@id\":\"https:\\\/\\\/manzuko.com\\\/blog\\\/#organization\"},\"image\":{\"@id\":\"https:\\\/\\\/manzuko.com\\\/blog\\\/kolor-roku-2026-cloud-dancer-kontra-reszta-swiata\\\/#primaryimage\"},\"thumbnailUrl\":\"https:\\\/\\\/manzuko.com\\\/blog\\\/wp-content\\\/uploads\\\/2026\\\/01\\\/Pantone-2026-kolor-roku-cloud-dancer.jpg\",\"keywords\":[\"trendy\"],\"articleSection\":[\"Pantone i Kolor Roku w r\u0119kodziele\"],\"inLanguage\":\"pl-PL\",\"potentialAction\":[{\"@type\":\"CommentAction\",\"name\":\"Comment\",\"target\":[\"https:\\\/\\\/manzuko.com\\\/blog\\\/kolor-roku-2026-cloud-dancer-kontra-reszta-swiata\\\/#respond\"]}]},{\"@type\":\"WebPage\",\"@id\":\"https:\\\/\\\/manzuko.com\\\/blog\\\/kolor-roku-2026-cloud-dancer-kontra-reszta-swiata\\\/\",\"url\":\"https:\\\/\\\/manzuko.com\\\/blog\\\/kolor-roku-2026-cloud-dancer-kontra-reszta-swiata\\\/\",\"name\":\"Kolor roku 2026 \u2013 Cloud Dancer kontra reszta \u015bwiata - Blog manzuko.com\",\"isPartOf\":{\"@id\":\"https:\\\/\\\/manzuko.com\\\/blog\\\/#website\"},\"primaryImageOfPage\":{\"@id\":\"https:\\\/\\\/manzuko.com\\\/blog\\\/kolor-roku-2026-cloud-dancer-kontra-reszta-swiata\\\/#primaryimage\"},\"image\":{\"@id\":\"https:\\\/\\\/manzuko.com\\\/blog\\\/kolor-roku-2026-cloud-dancer-kontra-reszta-swiata\\\/#primaryimage\"},\"thumbnailUrl\":\"https:\\\/\\\/manzuko.com\\\/blog\\\/wp-content\\\/uploads\\\/2026\\\/01\\\/Pantone-2026-kolor-roku-cloud-dancer.jpg\",\"datePublished\":\"2026-01-29T07:29:50+00:00\",\"dateModified\":\"2026-03-18T12:05:23+00:00\",\"description\":\"Cloud Dancer, kolor roku 2026, to organiczna biel. Odkryj, dlaczego ta barwa mo\u017ce nie inspirowa\u0107 w tym roku.\",\"breadcrumb\":{\"@id\":\"https:\\\/\\\/manzuko.com\\\/blog\\\/kolor-roku-2026-cloud-dancer-kontra-reszta-swiata\\\/#breadcrumb\"},\"inLanguage\":\"pl-PL\",\"potentialAction\":[{\"@type\":\"ReadAction\",\"target\":[\"https:\\\/\\\/manzuko.com\\\/blog\\\/kolor-roku-2026-cloud-dancer-kontra-reszta-swiata\\\/\"]}]},{\"@type\":\"ImageObject\",\"inLanguage\":\"pl-PL\",\"@id\":\"https:\\\/\\\/manzuko.com\\\/blog\\\/kolor-roku-2026-cloud-dancer-kontra-reszta-swiata\\\/#primaryimage\",\"url\":\"https:\\\/\\\/manzuko.com\\\/blog\\\/wp-content\\\/uploads\\\/2026\\\/01\\\/Pantone-2026-kolor-roku-cloud-dancer.jpg\",\"contentUrl\":\"https:\\\/\\\/manzuko.com\\\/blog\\\/wp-content\\\/uploads\\\/2026\\\/01\\\/Pantone-2026-kolor-roku-cloud-dancer.jpg\",\"width\":1748,\"height\":1240,\"caption\":\"\u017br\u00f3d\u0142o: Pantone.com\"},{\"@type\":\"BreadcrumbList\",\"@id\":\"https:\\\/\\\/manzuko.com\\\/blog\\\/kolor-roku-2026-cloud-dancer-kontra-reszta-swiata\\\/#breadcrumb\",\"itemListElement\":[{\"@type\":\"ListItem\",\"position\":1,\"name\":\"Strona g\u0142\u00f3wna\",\"item\":\"https:\\\/\\\/manzuko.com\\\/blog\\\/\"},{\"@type\":\"ListItem\",\"position\":2,\"name\":\"Kolor roku 2026 \u2013 Cloud Dancer kontra reszta \u015bwiata\"}]},{\"@type\":\"WebSite\",\"@id\":\"https:\\\/\\\/manzuko.com\\\/blog\\\/#website\",\"url\":\"https:\\\/\\\/manzuko.com\\\/blog\\\/\",\"name\":\"Blog manzuko.com\",\"description\":\"Koraliki i p\u00f3\u0142fabrykaty do bi\u017cuterii to Twoje ulubione puzzle? Ten blog jest dla Ciebie.\",\"publisher\":{\"@id\":\"https:\\\/\\\/manzuko.com\\\/blog\\\/#organization\"},\"potentialAction\":[{\"@type\":\"SearchAction\",\"target\":{\"@type\":\"EntryPoint\",\"urlTemplate\":\"https:\\\/\\\/manzuko.com\\\/blog\\\/?s={search_term_string}\"},\"query-input\":{\"@type\":\"PropertyValueSpecification\",\"valueRequired\":true,\"valueName\":\"search_term_string\"}}],\"inLanguage\":\"pl-PL\"},{\"@type\":\"Organization\",\"@id\":\"https:\\\/\\\/manzuko.com\\\/blog\\\/#organization\",\"name\":\"Manzuko\",\"url\":\"https:\\\/\\\/manzuko.com\\\/blog\\\/\",\"logo\":{\"@type\":\"ImageObject\",\"inLanguage\":\"pl-PL\",\"@id\":\"https:\\\/\\\/manzuko.com\\\/blog\\\/#\\\/schema\\\/logo\\\/image\\\/\",\"url\":\"https:\\\/\\\/manzuko.com\\\/blog\\\/wp-content\\\/uploads\\\/2025\\\/01\\\/Manzuko-Logo1111.png\",\"contentUrl\":\"https:\\\/\\\/manzuko.com\\\/blog\\\/wp-content\\\/uploads\\\/2025\\\/01\\\/Manzuko-Logo1111.png\",\"width\":824,\"height\":853,\"caption\":\"Manzuko\"},\"image\":{\"@id\":\"https:\\\/\\\/manzuko.com\\\/blog\\\/#\\\/schema\\\/logo\\\/image\\\/\"},\"sameAs\":[\"https:\\\/\\\/pl-pl.facebook.com\\\/manzukocom\\\/\",\"https:\\\/\\\/pl.pinterest.com\\\/manzukocom\\\/\",\"https:\\\/\\\/www.instagram.com\\\/manzukocom\\\/\"],\"description\":\"Blog Manzuko jest miejscem, w kt\u00f3rym zesp\u00f3\u0142 tego sklepu z koralikami stara si\u0119 przybli\u017ca\u0107 pi\u0119kno i kreatywne mo\u017cliwo\u015bci jakie daje samodzielne tworzenie bi\u017cuterii. Na tym blogu znajdziesz porady jak zrobi\u0107 bransoletki i naszyjniki, jak czy\u015bci\u0107 i przechowywa\u0107 bi\u017cuteri\u0119 oraz jakich koralik\u00f3w i p\u00f3\u0142fabrykat\u00f3w u\u017cy\u0107 do poszczeg\u00f3lnych projekt\u00f3w. Posty z tutorialami i poradami przeplatamy takimi, w kt\u00f3rych mn\u00f3stwo jest ciekawostek z zakresu gemmologii jak i trend\u00f3w z wybieg\u00f3w mody i wielkich Gal. Regularnie podpatrujemy dla Was Gal\u0119 wr\u0119czenia Oskar\u00f3w i Met Gal\u0119, \u015bledzimy z zaanga\u017cowaniem bi\u017cuteri\u0119 przewijaj\u0105c\u0105 si\u0119 w filmach. Sklep Manzuko to dziesi\u0105tki tysi\u0119cy koralik\u00f3w i p\u00f3\u0142fabrykat\u00f3w, pomagamy odnale\u017a\u0107 si\u0119 w tym \u015bwiecie nawet laikom, by z przyjemno\u015bci\u0105 da\u0142o si\u0119 tworzy\u0107 pi\u0119kne przedmioty.\",\"email\":\"sklep@manzuko.com\",\"telephone\":\"(+48) 733-885-808\",\"legalName\":\"Koniarscy s.c. Zuzanna Koniarska Mateusz Koniarski\",\"foundingDate\":\"1993-05-17\",\"vatID\":\"8431074220\",\"numberOfEmployees\":{\"@type\":\"QuantitativeValue\",\"minValue\":\"1\",\"maxValue\":\"10\"}},{\"@type\":\"Person\",\"@id\":\"https:\\\/\\\/manzuko.com\\\/blog\\\/#\\\/schema\\\/person\\\/b98c12ad72579ac42024bf30dd69a182\",\"name\":\"Martyna Koniarska\",\"image\":{\"@type\":\"ImageObject\",\"inLanguage\":\"pl-PL\",\"@id\":\"https:\\\/\\\/secure.gravatar.com\\\/avatar\\\/3e979c0d4f9d86a05be85fe9d41ac3ceb622faf812103768909c7d75fce524a4?s=96&d=initials&r=g&initials=mk\",\"url\":\"https:\\\/\\\/secure.gravatar.com\\\/avatar\\\/3e979c0d4f9d86a05be85fe9d41ac3ceb622faf812103768909c7d75fce524a4?s=96&d=initials&r=g&initials=mk\",\"contentUrl\":\"https:\\\/\\\/secure.gravatar.com\\\/avatar\\\/3e979c0d4f9d86a05be85fe9d41ac3ceb622faf812103768909c7d75fce524a4?s=96&d=initials&r=g&initials=mk\",\"caption\":\"Martyna Koniarska\"},\"description\":\"Cze\u015b\u0107, jestem Tina i uwa\u017cam si\u0119 za wsp\u00f3\u0142czesn\u0105 kobiet\u0119 renesansu. Moje serce bije dla kreatywno\u015bci we wszystkich jej formach. Chocia\u017c moje zawodowe do\u015bwiadczenie obejmuje handel elektroniczny i marketing, moje zainteresowania i talenty zawsze wykracza\u0142y daleko poza granice mojego \u017cycia zawodowego. Mo\u017cna powiedzie\u0107, \u017ce jestem r\u0119kodzielnicz\u0105 polimatk\u0105, bawi\u0119 si\u0119 wszystkim po trochu i po drodze opanowuj\u0119 ca\u0142kiem sporo umiej\u0119tno\u015bci. Aktualne ulubione formy sp\u0119dzania czasu kreatywnie? Malowanie akwarelami i r\u0119czne tworzenie ma\u0142ych projekt\u00f3w ulepszaj\u0105cych moje mieszkanie.\",\"url\":\"https:\\\/\\\/manzuko.com\\\/blog\\\/author\\\/martyna-koniarska\\\/\"}]}<\/script>\n<!-- \/ Yoast SEO Premium plugin. -->","yoast_head_json":{"title":"Kolor roku 2026 \u2013 Cloud Dancer kontra reszta \u015bwiata - Blog manzuko.com","description":"Cloud Dancer, kolor roku 2026, to organiczna biel. Odkryj, dlaczego ta barwa mo\u017ce nie inspirowa\u0107 w tym roku.","robots":{"index":"index","follow":"follow","max-snippet":"max-snippet:-1","max-image-preview":"max-image-preview:large","max-video-preview":"max-video-preview:-1"},"canonical":"https:\/\/manzuko.com\/blog\/kolor-roku-2026-cloud-dancer-kontra-reszta-swiata\/","og_locale":"pl_PL","og_type":"article","og_title":"Kolor roku 2026 \u2013 Cloud Dancer kontra reszta \u015bwiata","og_description":"Cloud Dancer, kolor roku 2026, to organiczna biel. Odkryj, dlaczego ta barwa mo\u017ce nie inspirowa\u0107 w tym roku.","og_url":"https:\/\/manzuko.com\/blog\/kolor-roku-2026-cloud-dancer-kontra-reszta-swiata\/","og_site_name":"Blog manzuko.com","article_publisher":"https:\/\/pl-pl.facebook.com\/manzukocom\/","article_published_time":"2026-01-29T07:29:50+00:00","article_modified_time":"2026-03-18T12:05:23+00:00","og_image":[{"width":1748,"height":1240,"url":"https:\/\/manzuko.com\/blog\/wp-content\/uploads\/2026\/01\/Pantone-2026-kolor-roku-cloud-dancer.jpg","type":"image\/jpeg"}],"author":"Martyna Koniarska","twitter_card":"summary_large_image","twitter_misc":{"Napisane przez":"Martyna Koniarska","Szacowany czas czytania":"12 minut"},"schema":{"@context":"https:\/\/schema.org","@graph":[{"@type":"Article","@id":"https:\/\/manzuko.com\/blog\/kolor-roku-2026-cloud-dancer-kontra-reszta-swiata\/#article","isPartOf":{"@id":"https:\/\/manzuko.com\/blog\/kolor-roku-2026-cloud-dancer-kontra-reszta-swiata\/"},"author":{"name":"Martyna Koniarska","@id":"https:\/\/manzuko.com\/blog\/#\/schema\/person\/b98c12ad72579ac42024bf30dd69a182"},"headline":"Kolor roku 2026 \u2013 Cloud Dancer kontra reszta \u015bwiata","datePublished":"2026-01-29T07:29:50+00:00","dateModified":"2026-03-18T12:05:23+00:00","mainEntityOfPage":{"@id":"https:\/\/manzuko.com\/blog\/kolor-roku-2026-cloud-dancer-kontra-reszta-swiata\/"},"wordCount":2001,"commentCount":0,"publisher":{"@id":"https:\/\/manzuko.com\/blog\/#organization"},"image":{"@id":"https:\/\/manzuko.com\/blog\/kolor-roku-2026-cloud-dancer-kontra-reszta-swiata\/#primaryimage"},"thumbnailUrl":"https:\/\/manzuko.com\/blog\/wp-content\/uploads\/2026\/01\/Pantone-2026-kolor-roku-cloud-dancer.jpg","keywords":["trendy"],"articleSection":["Pantone i Kolor Roku w r\u0119kodziele"],"inLanguage":"pl-PL","potentialAction":[{"@type":"CommentAction","name":"Comment","target":["https:\/\/manzuko.com\/blog\/kolor-roku-2026-cloud-dancer-kontra-reszta-swiata\/#respond"]}]},{"@type":"WebPage","@id":"https:\/\/manzuko.com\/blog\/kolor-roku-2026-cloud-dancer-kontra-reszta-swiata\/","url":"https:\/\/manzuko.com\/blog\/kolor-roku-2026-cloud-dancer-kontra-reszta-swiata\/","name":"Kolor roku 2026 \u2013 Cloud Dancer kontra reszta \u015bwiata - Blog manzuko.com","isPartOf":{"@id":"https:\/\/manzuko.com\/blog\/#website"},"primaryImageOfPage":{"@id":"https:\/\/manzuko.com\/blog\/kolor-roku-2026-cloud-dancer-kontra-reszta-swiata\/#primaryimage"},"image":{"@id":"https:\/\/manzuko.com\/blog\/kolor-roku-2026-cloud-dancer-kontra-reszta-swiata\/#primaryimage"},"thumbnailUrl":"https:\/\/manzuko.com\/blog\/wp-content\/uploads\/2026\/01\/Pantone-2026-kolor-roku-cloud-dancer.jpg","datePublished":"2026-01-29T07:29:50+00:00","dateModified":"2026-03-18T12:05:23+00:00","description":"Cloud Dancer, kolor roku 2026, to organiczna biel. Odkryj, dlaczego ta barwa mo\u017ce nie inspirowa\u0107 w tym roku.","breadcrumb":{"@id":"https:\/\/manzuko.com\/blog\/kolor-roku-2026-cloud-dancer-kontra-reszta-swiata\/#breadcrumb"},"inLanguage":"pl-PL","potentialAction":[{"@type":"ReadAction","target":["https:\/\/manzuko.com\/blog\/kolor-roku-2026-cloud-dancer-kontra-reszta-swiata\/"]}]},{"@type":"ImageObject","inLanguage":"pl-PL","@id":"https:\/\/manzuko.com\/blog\/kolor-roku-2026-cloud-dancer-kontra-reszta-swiata\/#primaryimage","url":"https:\/\/manzuko.com\/blog\/wp-content\/uploads\/2026\/01\/Pantone-2026-kolor-roku-cloud-dancer.jpg","contentUrl":"https:\/\/manzuko.com\/blog\/wp-content\/uploads\/2026\/01\/Pantone-2026-kolor-roku-cloud-dancer.jpg","width":1748,"height":1240,"caption":"\u017br\u00f3d\u0142o: Pantone.com"},{"@type":"BreadcrumbList","@id":"https:\/\/manzuko.com\/blog\/kolor-roku-2026-cloud-dancer-kontra-reszta-swiata\/#breadcrumb","itemListElement":[{"@type":"ListItem","position":1,"name":"Strona g\u0142\u00f3wna","item":"https:\/\/manzuko.com\/blog\/"},{"@type":"ListItem","position":2,"name":"Kolor roku 2026 \u2013 Cloud Dancer kontra reszta \u015bwiata"}]},{"@type":"WebSite","@id":"https:\/\/manzuko.com\/blog\/#website","url":"https:\/\/manzuko.com\/blog\/","name":"Blog manzuko.com","description":"Koraliki i p\u00f3\u0142fabrykaty do bi\u017cuterii to Twoje ulubione puzzle? Ten blog jest dla Ciebie.","publisher":{"@id":"https:\/\/manzuko.com\/blog\/#organization"},"potentialAction":[{"@type":"SearchAction","target":{"@type":"EntryPoint","urlTemplate":"https:\/\/manzuko.com\/blog\/?s={search_term_string}"},"query-input":{"@type":"PropertyValueSpecification","valueRequired":true,"valueName":"search_term_string"}}],"inLanguage":"pl-PL"},{"@type":"Organization","@id":"https:\/\/manzuko.com\/blog\/#organization","name":"Manzuko","url":"https:\/\/manzuko.com\/blog\/","logo":{"@type":"ImageObject","inLanguage":"pl-PL","@id":"https:\/\/manzuko.com\/blog\/#\/schema\/logo\/image\/","url":"https:\/\/manzuko.com\/blog\/wp-content\/uploads\/2025\/01\/Manzuko-Logo1111.png","contentUrl":"https:\/\/manzuko.com\/blog\/wp-content\/uploads\/2025\/01\/Manzuko-Logo1111.png","width":824,"height":853,"caption":"Manzuko"},"image":{"@id":"https:\/\/manzuko.com\/blog\/#\/schema\/logo\/image\/"},"sameAs":["https:\/\/pl-pl.facebook.com\/manzukocom\/","https:\/\/pl.pinterest.com\/manzukocom\/","https:\/\/www.instagram.com\/manzukocom\/"],"description":"Blog Manzuko jest miejscem, w kt\u00f3rym zesp\u00f3\u0142 tego sklepu z koralikami stara si\u0119 przybli\u017ca\u0107 pi\u0119kno i kreatywne mo\u017cliwo\u015bci jakie daje samodzielne tworzenie bi\u017cuterii. Na tym blogu znajdziesz porady jak zrobi\u0107 bransoletki i naszyjniki, jak czy\u015bci\u0107 i przechowywa\u0107 bi\u017cuteri\u0119 oraz jakich koralik\u00f3w i p\u00f3\u0142fabrykat\u00f3w u\u017cy\u0107 do poszczeg\u00f3lnych projekt\u00f3w. Posty z tutorialami i poradami przeplatamy takimi, w kt\u00f3rych mn\u00f3stwo jest ciekawostek z zakresu gemmologii jak i trend\u00f3w z wybieg\u00f3w mody i wielkich Gal. Regularnie podpatrujemy dla Was Gal\u0119 wr\u0119czenia Oskar\u00f3w i Met Gal\u0119, \u015bledzimy z zaanga\u017cowaniem bi\u017cuteri\u0119 przewijaj\u0105c\u0105 si\u0119 w filmach. Sklep Manzuko to dziesi\u0105tki tysi\u0119cy koralik\u00f3w i p\u00f3\u0142fabrykat\u00f3w, pomagamy odnale\u017a\u0107 si\u0119 w tym \u015bwiecie nawet laikom, by z przyjemno\u015bci\u0105 da\u0142o si\u0119 tworzy\u0107 pi\u0119kne przedmioty.","email":"sklep@manzuko.com","telephone":"(+48) 733-885-808","legalName":"Koniarscy s.c. Zuzanna Koniarska Mateusz Koniarski","foundingDate":"1993-05-17","vatID":"8431074220","numberOfEmployees":{"@type":"QuantitativeValue","minValue":"1","maxValue":"10"}},{"@type":"Person","@id":"https:\/\/manzuko.com\/blog\/#\/schema\/person\/b98c12ad72579ac42024bf30dd69a182","name":"Martyna Koniarska","image":{"@type":"ImageObject","inLanguage":"pl-PL","@id":"https:\/\/secure.gravatar.com\/avatar\/3e979c0d4f9d86a05be85fe9d41ac3ceb622faf812103768909c7d75fce524a4?s=96&d=initials&r=g&initials=mk","url":"https:\/\/secure.gravatar.com\/avatar\/3e979c0d4f9d86a05be85fe9d41ac3ceb622faf812103768909c7d75fce524a4?s=96&d=initials&r=g&initials=mk","contentUrl":"https:\/\/secure.gravatar.com\/avatar\/3e979c0d4f9d86a05be85fe9d41ac3ceb622faf812103768909c7d75fce524a4?s=96&d=initials&r=g&initials=mk","caption":"Martyna Koniarska"},"description":"Cze\u015b\u0107, jestem Tina i uwa\u017cam si\u0119 za wsp\u00f3\u0142czesn\u0105 kobiet\u0119 renesansu. Moje serce bije dla kreatywno\u015bci we wszystkich jej formach. Chocia\u017c moje zawodowe do\u015bwiadczenie obejmuje handel elektroniczny i marketing, moje zainteresowania i talenty zawsze wykracza\u0142y daleko poza granice mojego \u017cycia zawodowego. Mo\u017cna powiedzie\u0107, \u017ce jestem r\u0119kodzielnicz\u0105 polimatk\u0105, bawi\u0119 si\u0119 wszystkim po trochu i po drodze opanowuj\u0119 ca\u0142kiem sporo umiej\u0119tno\u015bci. Aktualne ulubione formy sp\u0119dzania czasu kreatywnie? Malowanie akwarelami i r\u0119czne tworzenie ma\u0142ych projekt\u00f3w ulepszaj\u0105cych moje mieszkanie.","url":"https:\/\/manzuko.com\/blog\/author\/martyna-koniarska\/"}]}},"_links":{"self":[{"href":"https:\/\/manzuko.com\/blog\/wp-json\/wp\/v2\/posts\/10142","targetHints":{"allow":["GET"]}}],"collection":[{"href":"https:\/\/manzuko.com\/blog\/wp-json\/wp\/v2\/posts"}],"about":[{"href":"https:\/\/manzuko.com\/blog\/wp-json\/wp\/v2\/types\/post"}],"author":[{"embeddable":true,"href":"https:\/\/manzuko.com\/blog\/wp-json\/wp\/v2\/users\/9"}],"replies":[{"embeddable":true,"href":"https:\/\/manzuko.com\/blog\/wp-json\/wp\/v2\/comments?post=10142"}],"version-history":[{"count":3,"href":"https:\/\/manzuko.com\/blog\/wp-json\/wp\/v2\/posts\/10142\/revisions"}],"predecessor-version":[{"id":10160,"href":"https:\/\/manzuko.com\/blog\/wp-json\/wp\/v2\/posts\/10142\/revisions\/10160"}],"wp:featuredmedia":[{"embeddable":true,"href":"https:\/\/manzuko.com\/blog\/wp-json\/wp\/v2\/media\/10150"}],"wp:attachment":[{"href":"https:\/\/manzuko.com\/blog\/wp-json\/wp\/v2\/media?parent=10142"}],"wp:term":[{"taxonomy":"category","embeddable":true,"href":"https:\/\/manzuko.com\/blog\/wp-json\/wp\/v2\/categories?post=10142"},{"taxonomy":"post_tag","embeddable":true,"href":"https:\/\/manzuko.com\/blog\/wp-json\/wp\/v2\/tags?post=10142"}],"curies":[{"name":"wp","href":"https:\/\/api.w.org\/{rel}","templated":true}]}}