{"id":7464,"date":"2023-09-12T12:00:49","date_gmt":"2023-09-12T10:00:49","guid":{"rendered":"https:\/\/manzuko.com\/blog\/?p=7464"},"modified":"2026-03-30T19:49:44","modified_gmt":"2026-03-30T17:49:44","slug":"liza-minnelli-kultowa-fanka-peretti","status":"publish","type":"post","link":"https:\/\/manzuko.com\/blog\/liza-minnelli-kultowa-fanka-peretti\/","title":{"rendered":"Liza Minnelli \u2014 kultowa fanka Peretti"},"content":{"rendered":"<p style=\"text-align: justify;\"><span style=\"font-weight: 400;\">Liza Minnelli to niezaprzeczalnie <a href=\"https:\/\/www.filmweb.pl\/person\/Liza+Minnelli-266\">kultowa posta\u0107 ameryka\u0144skiej sceny<\/a> i srebrnego ekranu. Od najm\u0142odszych lat wyst\u0119powa\u0142a w filmach, co by\u0142o zaledwie pocz\u0105tkiem jej niezwykle barwnego \u017cycia. Jej trudne dzieci\u0144stwo i m\u0142odo\u015b\u0107 w po\u0142\u0105czeniu z talentem i s\u0142awnymi rodzicami stanowi\u0142y prawdziw\u0105 mieszank\u0119 wybuchow\u0105. Odkryj histori\u0119 Lizy, jej podej\u015bcie do bi\u017cuterii i poznaj jej CZTERY pier\u015bcionki zar\u0119czynowe.<\/span><\/p>\n<figure id=\"attachment_7535\" aria-describedby=\"caption-attachment-7535\" style=\"width: 501px\" class=\"wp-caption aligncenter\"><img decoding=\"async\" class=\" wp-image-7535\" src=\"https:\/\/manzuko.com\/blog\/wp-content\/uploads\/2023\/07\/Liza-ze-statuetka-255x300.jpg\" alt=\"Liza Minnelli trzymaj\u0105ca Oscara\" width=\"501\" height=\"589\" srcset=\"https:\/\/manzuko.com\/blog\/wp-content\/uploads\/2023\/07\/Liza-ze-statuetka-255x300.jpg 255w, https:\/\/manzuko.com\/blog\/wp-content\/uploads\/2023\/07\/Liza-ze-statuetka.jpg 570w\" sizes=\"(max-width: 501px) 100vw, 501px\" \/><figcaption id=\"caption-attachment-7535\" class=\"wp-caption-text\">ZDJ\u0118CIE: Ron Galella, Ltd.\/WireImage<\/figcaption><\/figure>\n<h3 style=\"text-align: justify;\"><span style=\"font-weight: 400;\">Historia Lizy<\/span><\/h3>\n<p style=\"text-align: justify;\"><span style=\"font-weight: 400;\">Liz Minnelli urodzi\u0142a si\u0119 w marcu 1946 roku w Los Angeles. Dzi\u015b jest jedn\u0105 z ikon sceny ka\u017cdego rodzaju, laureatk\u0105 Emmy, Grammy, Oscar\u00f3w i Tony. Znamy j\u0105 z kr\u00f3tkich, czarnych w\u0142os\u00f3w, wielkich oczu, charyzmy wi\u0119kszej, ni\u017c ona sama i pot\u0119\u017cnego g\u0142osu. Jednak\u017ce niegdy\u015b Minnelli by\u0142a znana jako c\u00f3rka Judy Garland, a p\u00f3\u017aniej m\u0142oda skandalistka. Prawda jest oczywi\u015bcie nieco bardziej skomplikowana, a jej ca\u0142a historia prawdopodobnie zaj\u0119\u0142aby poka\u017an\u0105 ksi\u0105\u017ck\u0119. Postaram si\u0119 jednak przybli\u017cy\u0107 Ci nieco histori\u0119 Lizy Minnelli.<\/span><\/p>\n<figure id=\"attachment_7534\" aria-describedby=\"caption-attachment-7534\" style=\"width: 500px\" class=\"wp-caption aligncenter\"><img decoding=\"async\" class=\"wp-image-7534\" src=\"https:\/\/manzuko.com\/blog\/wp-content\/uploads\/2023\/07\/Dziecinstwo-268x300.jpg\" alt=\"Liza Minnelli i jej rodzice\" width=\"500\" height=\"560\" srcset=\"https:\/\/manzuko.com\/blog\/wp-content\/uploads\/2023\/07\/Dziecinstwo-268x300.jpg 268w, https:\/\/manzuko.com\/blog\/wp-content\/uploads\/2023\/07\/Dziecinstwo.jpg 562w\" sizes=\"(max-width: 500px) 100vw, 500px\" \/><figcaption id=\"caption-attachment-7534\" class=\"wp-caption-text\">ZDJ\u0118CIE: Getty Images<\/figcaption><\/figure>\n<h4 style=\"text-align: justify;\"><span style=\"font-weight: 400;\">Liza Minnelli &#8211; dzieci\u0144stwo, m\u0142odo\u015b\u0107 i rodzice<\/span><\/h4>\n<p style=\"text-align: justify;\"><span style=\"font-weight: 400;\">Liza jest c\u00f3rk\u0105 znanej aktorki Judy Garland i re\u017cysera Vincenta Minnellego. Jako dziecko znanych rodzic\u00f3w, od ma\u0142ego pojawia\u0142a si\u0119 na planach filmowych, gdzie bawi\u0142a si\u0119 z dzie\u0107mi Chaplina, co wi\u0119cej jej wujkowie to mi\u0119dzy innymi Fred Astaire, Frank Sinatra czy Humphrey Bogart. Pierwszy raz Liza wyst\u0105pi\u0142a w filmie, maj\u0105c zaledwie trzy lata, jednak\u017ce jej dzieci\u0144stwo szybko si\u0119 sko\u0144czy\u0142o. Ojciec Lizy zdradzi\u0142 matk\u0119 z kamerdynerem, gdy dziecko mia\u0142o 5 lat. Para si\u0119 rozwiod\u0142a. P\u00f3\u0142 roku sp\u0119dzane z Vincentem wci\u0105\u017c by\u0142o dla Minnelli b\u0142ogim dzieci\u0144stwem, w kt\u00f3rym traktowana by\u0142a jak ksi\u0119\u017cniczka przez swojego tat\u0119.<\/span><\/p>\n<p style=\"text-align: justify;\"><span style=\"font-weight: 400;\">Jednak\u017ce miesi\u0105ce z matk\u0105 by\u0142y dla Lizy znacznie trudniejsze. Judy by\u0142a psychicznie niestabilna, wielokrotnie pr\u00f3bowa\u0142a si\u0119 zabi\u0107, pierwsz\u0105 pr\u00f3b\u0119 samob\u00f3jcz\u0105 prze\u017cy\u0142a jeszcze przed przyj\u015bciem Lizy na \u015bwiat. Dodatkowo by\u0142a uzale\u017cniona od alkoholu i lek\u00f3w. Liza dorasta\u0142a, opiekuj\u0105c si\u0119 matk\u0105 i ukrywaj\u0105c jej na\u0142\u00f3g przed \u015bwiatem. Mimo tego wci\u0105\u017c podziwia\u0142a matk\u0119. Liza uwa\u017ca\u0142a Judy za kobiet\u0119 pi\u0119kn\u0105 i utalentowan\u0105, siebie za\u015b za brzydul\u0119 dorastaj\u0105c\u0105 w cieniu matki.<\/span><\/p>\n<figure id=\"attachment_7536\" aria-describedby=\"caption-attachment-7536\" style=\"width: 500px\" class=\"wp-caption aligncenter\"><img decoding=\"async\" class=\" wp-image-7536\" src=\"https:\/\/manzuko.com\/blog\/wp-content\/uploads\/2023\/07\/Wystep-Lizy-262x300.jpg\" alt=\"Liza Minnelli podczas wyst\u0119pu\" width=\"500\" height=\"573\" srcset=\"https:\/\/manzuko.com\/blog\/wp-content\/uploads\/2023\/07\/Wystep-Lizy-262x300.jpg 262w, https:\/\/manzuko.com\/blog\/wp-content\/uploads\/2023\/07\/Wystep-Lizy.jpg 612w\" sizes=\"(max-width: 500px) 100vw, 500px\" \/><figcaption id=\"caption-attachment-7536\" class=\"wp-caption-text\">ZDJ\u0118CIE: Michael Ochs Archives\/Getty<\/figcaption><\/figure>\n<h4 style=\"text-align: justify;\"><span style=\"font-weight: 400;\">Liza Minnelli i jej kariera<br \/>\n<\/span><\/h4>\n<p style=\"text-align: justify;\"><span style=\"font-weight: 400;\">Pierwsze wyst\u0119py, jak w przypadku wi\u0119kszo\u015bci dzieci mia\u0142y miejsce przed publiczno\u015bci\u0105 z\u0142o\u017con\u0105 ze znajomych rodzic\u00f3w. P\u00f3\u017aniej Liza coraz cz\u0119\u015bciej wyst\u0119powa\u0142a z matk\u0105, by da\u0107 Judy czas na napicie si\u0119 za kulisami. Talent Minnelli rozkwit\u0142, lecz ona nie chcia\u0142a robi\u0107 kariery w Hollywood. Maj\u0105c pi\u0119tna\u015bcie lat, Liza Minnelli przeprowadzi\u0142a si\u0119 do Nowego Jorku, aby spr\u00f3bowa\u0107 swych si\u0142 na Broadwayu. Talent w po\u0142\u0105czeniu ze znanym nazwiskiem sprawi\u0142, \u017ce szybko dosta\u0142a pierwsz\u0105 rol\u0119. Podczas jednej z pr\u00f3b z\u0142ama\u0142a nog\u0119, lecz za namow\u0105 maki nie podda\u0142a si\u0119 i przeku\u0142a trudno\u015bci w sukcesy.<\/span><\/p>\n<p style=\"text-align: justify;\"><span style=\"font-weight: 400;\">W wieku dziewi\u0119tnastu lat Liza zadebiutowa\u0142a w klubie nocnym w Waszyngtonie, p\u00f3\u017aniej natomiast wyst\u0119powa\u0142a w Las Vegas, Los Angeles, Chicago, Miami i Nowym Jorku. Sw\u00f3j sukces w wyst\u0119pach na \u017cywo przeobrazi\u0142a w trzy albumy wydane w 1964, 1965 i 1966 roku. W kolejnym dziesi\u0119cioleciu nagra\u0142a jeszcze 5 p\u0142yt. Kultow\u0105 rol\u0119 Sally Bowles Liza zagra\u0142a w 1972 roku. Wyst\u0119pem w Kabarecie zdoby\u0142a Oscara, Z\u0142oty Glob, nagrod\u0119 BAFTA i kilka innych.<\/span><\/p>\n<p style=\"text-align: justify;\"><span style=\"font-weight: 400;\">Liza pracowa\u0142a bardzo intensywnie. Poza wyst\u0119pami w filmach i na deskach teatru koncertowa\u0142a i cz\u0119sto pojawia\u0142a si\u0119 w telewizji. Praca jednak nie by\u0142a jedynym \u017ar\u00f3d\u0142em intensywnych emocji. W 1969 roku zmar\u0142a Judy Garland, Liza zaj\u0119\u0142a si\u0119 pogrzebem matki i w\u00f3wczas pierwszy raz si\u0119gn\u0119\u0142a po Valium, czyli leki uspokajaj\u0105ce, kt\u00f3re odcisn\u0119\u0142y pi\u0119tno na jej \u017cyciu. Liza wpada w wir alkoholu i narkotyk\u00f3w.<\/span><\/p>\n<p style=\"text-align: justify;\"><span style=\"font-weight: 400;\">Pewnego dnia, w trakcie imprezy w Studiu 54, Liza straci\u0142a przytomno\u015b\u0107. Oficjalnie by\u0142o to omdlenie z przem\u0119czenia, jednak\u017ce w rzeczywisto\u015bci gwiazda przedawkowa\u0142a narkotyki. Liza zda\u0142a sobie spraw\u0119, \u017ce potrzebuje odwyku. Co wi\u0119cej, zamiast robi\u0107 to w tajemnicy, poinformowa\u0142a fan\u00f3w, \u017ce ma problemy, ale postanowi\u0142a z nimi walczy\u0107 i musi uda\u0107 si\u0119 do kliniki. Co ciekawe, szczerym wyznaniem zdoby\u0142a jeszcze wi\u0119ksz\u0105 mi\u0142o\u015b\u0107 fan\u00f3w. Z na\u0142ogiem walczy\u0142a d\u0142ugo, kilkukrotnie musia\u0142a wraca\u0107 do kliniki. Jednak\u017ce po powrocie do pracy, unika\u0142a nocnych klub\u00f3w i pracowa\u0142a.<br \/>\n<\/span><\/p>\n<figure id=\"attachment_7537\" aria-describedby=\"caption-attachment-7537\" style=\"width: 501px\" class=\"wp-caption aligncenter\"><img decoding=\"async\" class=\" wp-image-7537\" src=\"https:\/\/manzuko.com\/blog\/wp-content\/uploads\/2023\/07\/Liza-i-Halston-300x196.jpg\" alt=\"Aktorka i projektant Halston\" width=\"501\" height=\"327\" srcset=\"https:\/\/manzuko.com\/blog\/wp-content\/uploads\/2023\/07\/Liza-i-Halston-300x196.jpg 300w, https:\/\/manzuko.com\/blog\/wp-content\/uploads\/2023\/07\/Liza-i-Halston-768x501.jpg 768w, https:\/\/manzuko.com\/blog\/wp-content\/uploads\/2023\/07\/Liza-i-Halston-850x554.jpg 850w, https:\/\/manzuko.com\/blog\/wp-content\/uploads\/2023\/07\/Liza-i-Halston.jpg 897w\" sizes=\"(max-width: 501px) 100vw, 501px\" \/><figcaption id=\"caption-attachment-7537\" class=\"wp-caption-text\">ZDJ\u0118CIE: Getty Images<\/figcaption><\/figure>\n<h4 style=\"text-align: justify;\"><span style=\"font-weight: 400;\">Liza Minnelli i Halston<\/span><\/h4>\n<p style=\"text-align: justify;\"><span style=\"font-weight: 400;\">Ich histori\u0119 mo\u017cesz obejrze\u0107 w miniserialu <em>Halston<\/em>, kt\u00f3ry polecam serdecznie fankom historii mody. Projektant mody Roy Halston zdecydowanie odmieni\u0142 nie tylko karier\u0119, ale i \u017cycie Lizy. Gdy ta zosta\u0142a zaproszona na bankiet przez jednego z francuskich baron\u00f3w, spanikowa\u0142a, nie maj\u0105c si\u0119 w co ubra\u0107. Wtedy jeden z jej przyjaci\u00f3\u0142 zaprowadzi\u0142 j\u0105 do Halstona, kt\u00f3ry obieca\u0142, \u017ce wype\u0142ni Lizie wszystkie walizki, kt\u00f3re b\u0119dzie w stanie zabra\u0107. W dwa tygodnie wyczarowa\u0142 jej pi\u0119kn\u0105 garderob\u0119 z instrukcjami jak \u0142\u0105czy\u0107 kreacje i na jakie okazje si\u0119 nadaj\u0105.<\/span><\/p>\n<p style=\"text-align: justify;\"><span style=\"font-weight: 400;\">Z grzecznej dziewczynki, Liza zmieni\u0142a si\u0119 w seksown\u0105 kobiet\u0119, cho\u0107 przez niekt\u00f3rych nazywana by\u0142a wieczn\u0105 nastolatk\u0105. Halston powiedzia\u0142 jej, \u017ce jest pi\u0119kna, a ona w ko\u0144cu mu uwierzy\u0142a. Tworzy\u0142 kreacje <a href=\"https:\/\/manzuko.com\/szukaj?search=sparklin\">z cekin\u00f3w i l\u015bni\u0105cych<\/a> materia\u0142\u00f3w, a jej samej kaza\u0142 b\u0142yszcze\u0107 jak najmocniej. Dzi\u0119ki temu mniej przejmowa\u0142a si\u0119 l\u015bni\u0105c\u0105 od potu sk\u00f3r\u0105, kt\u00f3ra by\u0142a nieod\u0142\u0105cznym elementem jej wyst\u0119p\u00f3w.<\/span><\/p>\n<p style=\"text-align: justify;\"><span style=\"font-weight: 400;\">Przez kolejne lata byli najlepszymi przyjaci\u00f3\u0142mi. On da\u0142 jej wiar\u0119 w siebie i poczucie stylu, a w zamian za to zyska\u0142 swoj\u0105 muz\u0119 i wsparcie. Razem imprezuj\u0105 w Studiu 54, gdzie alkohol i narkotyki zawsze s\u0105 na wyci\u0105gni\u0119cie r\u0119ki. To dzi\u0119ki Lizie w 1973 roku Roy zwyci\u0119\u017ca francusko-ameryka\u0144ski konkurs projektant\u00f3w.<\/span><\/p>\n<p style=\"text-align: justify;\"><span style=\"font-weight: 400;\">W 1990 roku Roy umar\u0142 na AIDS, Liza wyst\u0105pi\u0142a w zaprojektowanej przez niego kreacji i wspomina\u0142a go ze sceny. Nie wiedzia\u0142a jeszcze, \u017ce w kolejnych latach walk\u0119 z chorob\u0105 przegra Freddie Mercury i jej pierwszy m\u0105\u017c. W\u0142\u0105czy\u0142a si\u0119 w walk\u0119 z AIDS, dzia\u0142a\u0142a mi\u0119dzy innymi na rzecz amfAR \u2014 fundacji za\u0142o\u017conej m.in przez Liz Taylor. Jej dzia\u0142alno\u015b\u0107 na rzecz walki z HIV i AIDS zosta\u0142a wielokrotnie nagrodzona, cho\u0107 dzia\u0142ania Lizy przerasta\u0142y znacz\u0105co zebrane pieni\u0105dze. By\u0142a ona jedn\u0105 z pierwszych celebryt\u00f3w, kt\u00f3rzy otwarcie i g\u0142o\u015bno m\u00f3wili o problemie i potrzebach walki z nim, co bezwzgl\u0119dnie przyczyni\u0142o si\u0119 do zwi\u0119kszenia publicznej \u015bwiadomo\u015bci.<\/span><\/p>\n<figure id=\"attachment_7538\" aria-describedby=\"caption-attachment-7538\" style=\"width: 500px\" class=\"wp-caption aligncenter\"><img decoding=\"async\" class=\" wp-image-7538\" src=\"https:\/\/manzuko.com\/blog\/wp-content\/uploads\/2023\/07\/Liza-i-Lady-Gaga-300x227.jpg\" alt=\"Aktorka na rozdaniu nagr\u00f3d z Lady Gag\u0105\" width=\"500\" height=\"378\" srcset=\"https:\/\/manzuko.com\/blog\/wp-content\/uploads\/2023\/07\/Liza-i-Lady-Gaga-300x227.jpg 300w, https:\/\/manzuko.com\/blog\/wp-content\/uploads\/2023\/07\/Liza-i-Lady-Gaga-768x582.jpg 768w, https:\/\/manzuko.com\/blog\/wp-content\/uploads\/2023\/07\/Liza-i-Lady-Gaga-850x644.jpg 850w, https:\/\/manzuko.com\/blog\/wp-content\/uploads\/2023\/07\/Liza-i-Lady-Gaga.jpg 979w\" sizes=\"(max-width: 500px) 100vw, 500px\" \/><figcaption id=\"caption-attachment-7538\" class=\"wp-caption-text\">ZDJ\u0118CIE: Neilson Barnard\/Getty AFP\/East News<\/figcaption><\/figure>\n<h4 style=\"text-align: justify;\"><span style=\"font-weight: 400;\">Co dzieje si\u0119 z Liz\u0105 dzi\u015b<\/span><\/h4>\n<p style=\"text-align: justify;\"><span style=\"font-weight: 400;\">Na pocz\u0105tku XXI wieku Liza przesz\u0142a wirusowe zapalenie m\u00f3zgu, wydawa\u0142o si\u0119, \u017ce do ko\u0144ca \u017cycia zostanie kalek\u0105. Jednak\u017ce zdeterminowana aktorka wr\u00f3ci\u0142a nie tylko do zdrowia, ale i do pracy. Wyst\u0105pi\u0142a w <em>Seksie w Wielkim mie\u015bcie 2<\/em>, kilku programach telewizyjnych i produkcjach filmowych. W 2015 roku po raz ostatni wyl\u0105dowa\u0142a na odwyku. Trzy lata p\u00f3\u017aniej \u015bwiat obieg\u0142y plotki o jej problemach ze zdrowiem, pocz\u0105tkowo og\u0142osi\u0142a, \u017ce \u017cegna si\u0119 z naszym \u015bwiatem, jednak\u017ce zdaje si\u0119 to nieprawd\u0105.<\/span><\/p>\n<p style=\"text-align: justify;\"><span style=\"font-weight: 400;\">W 2021 roku zorganizowano dla Lizy wirtualny koncert z okazji jej 75 urodzin, fani zasypali j\u0105 mi\u0142o\u015bci\u0105, a sama powiedzia\u0142a prasie, \u017ce jej \u017cycie jest pi\u0119kne i docenia jego aktualn\u0105 prostot\u0119 i fakt, \u017ce nic nie musi. O jej do\u015b\u0107 dobrym stanie zdrowia mogli\u015bmy przekona\u0107 si\u0119 rok temu, gdy razem z Lady Gag\u0105 wr\u0119cza\u0142a Oscara. Co prawda wyst\u0105pi\u0142a w\u00f3wczas na w\u00f3zku inwalidzkim, lecz wbrew swojej woli, co mog\u0142o spowodowa\u0107 lekkie zdezorientowanie u siedemdziesi\u0119ciosze\u015bciolatki.<\/span><\/p>\n<p><img decoding=\"async\" class=\"aligncenter wp-image-7539 \" src=\"https:\/\/manzuko.com\/blog\/wp-content\/uploads\/2023\/07\/Depositphotos_79320312_XL-189x300.jpg\" alt=\"Liza Minnelli w czerwonych kolczykach\" width=\"451\" height=\"716\" srcset=\"https:\/\/manzuko.com\/blog\/wp-content\/uploads\/2023\/07\/Depositphotos_79320312_XL-189x300.jpg 189w, https:\/\/manzuko.com\/blog\/wp-content\/uploads\/2023\/07\/Depositphotos_79320312_XL-646x1024.jpg 646w, https:\/\/manzuko.com\/blog\/wp-content\/uploads\/2023\/07\/Depositphotos_79320312_XL-768x1217.jpg 768w, https:\/\/manzuko.com\/blog\/wp-content\/uploads\/2023\/07\/Depositphotos_79320312_XL-969x1536.jpg 969w, https:\/\/manzuko.com\/blog\/wp-content\/uploads\/2023\/07\/Depositphotos_79320312_XL-850x1347.jpg 850w\" sizes=\"(max-width: 451px) 100vw, 451px\" \/><\/p>\n<h3 style=\"text-align: justify;\"><span style=\"font-weight: 400;\">Liza Minnelli i jej bi\u017cuteria<\/span><\/h3>\n<p style=\"text-align: justify;\"><span style=\"font-weight: 400;\">Liza powiedzia\u0142a kiedy\u015b, \u017ce jest totalnie przeciwko bi\u017cuterii. Oznacza\u0142o to rezygnacj\u0119 z kupna prawdziwych klejnot\u00f3w &#8211; \u201eludzie i tak my\u015bl\u0105, \u017ce s\u0105 prawdziwe\u201d. Na scenie ol\u015bniewa\u0142a charyzm\u0105, g\u0142osem i b\u0142yszcz\u0105cymi kreacjami, jednak\u017ce je\u015bli si\u0119 przyjrzysz, cz\u0119sto nie mia\u0142a na sobie \u017cadnej bi\u017cuterii lub nosi\u0142a niewielkie akcesoria. Wynika\u0142o to nie tylko z prywatnego gustu Lizy. Przyczyni\u0142y si\u0119 do tego bardzo b\u0142yszcz\u0105ce kreacje, ale tak\u017ce praktyczno\u015b\u0107 stylizacji. Liza by\u0142a na scenie niezwykle ruchliwa, bi\u017cuteria nie tylko przeszkadza\u0142aby jej w ta\u0144cu, ale mog\u0142a okaza\u0107 si\u0119 niebezpieczna.<\/span><\/p>\n<p style=\"text-align: justify;\"><span style=\"font-weight: 400;\">Jednak\u017ce w kolekcji bi\u017cuterii Lizy Minnelli kilka akcesori\u00f3w mia\u0142o specjalne miejsce i mogli\u015bmy j\u0105 w nich zobaczy\u0107 wielokrotnie. Zaliczymy do nich wszystkie jej pier\u015bcionki zar\u0119czynowe, a tak\u017ce kultow\u0105 bransolet\u0119 Bone Cuff od Tiffany&amp;Co.<\/span><\/p>\n<figure id=\"attachment_7540\" aria-describedby=\"caption-attachment-7540\" style=\"width: 500px\" class=\"wp-caption aligncenter\"><img decoding=\"async\" class=\"wp-image-7540\" src=\"https:\/\/manzuko.com\/blog\/wp-content\/uploads\/2023\/07\/Liza-Minnelli-w-bransoletce-od-Peretti-239x300.jpg\" alt=\"Piosenkarka w kultowej bransolecie\" width=\"500\" height=\"628\" srcset=\"https:\/\/manzuko.com\/blog\/wp-content\/uploads\/2023\/07\/Liza-Minnelli-w-bransoletce-od-Peretti-239x300.jpg 239w, https:\/\/manzuko.com\/blog\/wp-content\/uploads\/2023\/07\/Liza-Minnelli-w-bransoletce-od-Peretti.jpg 594w\" sizes=\"(max-width: 500px) 100vw, 500px\" \/><figcaption id=\"caption-attachment-7540\" class=\"wp-caption-text\">ZDJ\u0118CIE: by Ruven Afanador<\/figcaption><\/figure>\n<h4 style=\"text-align: justify;\"><span style=\"font-weight: 400;\">Bone cuff<\/span><\/h4>\n<p style=\"text-align: justify;\"><span style=\"font-weight: 400;\">Znajomo\u015b\u0107 z Halstonem oznacza\u0142a tak\u017ce bliskie relacje z Els\u0105 Peretti. Nic wi\u0119c dziwnego, \u017ce designy Peretti sta\u0142y si\u0119 niejako znakiem rozpoznawczym Lizy Minnelli. Projekty te by\u0142y nie tylko pi\u0119kne, ale te\u017c oryginalne i wygodne, doskonale pasowa\u0142y wi\u0119c do Lizy.<\/span><\/p>\n<p style=\"text-align: justify;\"><span style=\"font-weight: 400;\">W jednym z wywiad\u00f3w Liza m\u00f3wi\u0142a, \u017ce projekty Peretti by\u0142y sensualne, seksowne i zupe\u0142nie nowe. Zachwyci\u0142a j\u0105 oryginalno\u015b\u0107 tych akcesori\u00f3w i sprawi\u0142a, \u017ce nosi\u0142a niemal wy\u0142\u0105cznie bi\u017cuteri\u0119 projektowan\u0105 przez Els\u0119 Peretti. Sama Liza powiedzia\u0142a, \u017ce najbardziej pami\u0119ta bransolety z serii Bone Cuff. Zdecydowanie sta\u0142y si\u0119 one znakiem rozpoznawczym nie tylko projektantki, ale te\u017c Minnelli, kt\u00f3ra nosi ich srebrne wydanie od ponad 50 lat!<\/span><\/p>\n<h4 style=\"text-align: justify;\"><span style=\"font-weight: 400;\">Pier\u015bcionki zar\u0119czynowe Lizy Minnelli<\/span><\/h4>\n<p style=\"text-align: justify;\"><span style=\"font-weight: 400;\">Podobnie jak jej matka, Liza Minnelli nie mia\u0142a szcz\u0119\u015bcia w mi\u0142o\u015bci. Prawdopodobnie z\u0142o\u017cy\u0142 si\u0119 na to jej g\u0142o\u015bny i rozrywkowy tryb \u017cycia, brak wzorc\u00f3w i specyfika \u015brodowiska, w kt\u00f3rym si\u0119 obraca\u0142a. Poskutkowa\u0142o to czterema \u015blubami, jak i czterema rozwodami.<\/span><\/p>\n<figure id=\"attachment_7541\" aria-describedby=\"caption-attachment-7541\" style=\"width: 500px\" class=\"wp-caption aligncenter\"><img decoding=\"async\" class=\" wp-image-7541\" src=\"https:\/\/manzuko.com\/blog\/wp-content\/uploads\/2023\/07\/Liza-i-Peter-300x201.jpg\" alt=\"Liza Minnelli i Peter\" width=\"500\" height=\"335\" srcset=\"https:\/\/manzuko.com\/blog\/wp-content\/uploads\/2023\/07\/Liza-i-Peter-300x201.jpg 300w, https:\/\/manzuko.com\/blog\/wp-content\/uploads\/2023\/07\/Liza-i-Peter-768x515.jpg 768w, https:\/\/manzuko.com\/blog\/wp-content\/uploads\/2023\/07\/Liza-i-Peter-850x570.jpg 850w, https:\/\/manzuko.com\/blog\/wp-content\/uploads\/2023\/07\/Liza-i-Peter.jpg 955w\" sizes=\"(max-width: 500px) 100vw, 500px\" \/><figcaption id=\"caption-attachment-7541\" class=\"wp-caption-text\">ZDJ\u0118CIE: Getty Images<\/figcaption><\/figure>\n<figure id=\"attachment_7542\" aria-describedby=\"caption-attachment-7542\" style=\"width: 450px\" class=\"wp-caption aligncenter\"><img decoding=\"async\" class=\" wp-image-7542\" src=\"https:\/\/manzuko.com\/blog\/wp-content\/uploads\/2023\/07\/Pierscionek-od-Allena-258x300.jpg\" alt=\"Pier\u015bcionek zar\u0119czynowy od pierwszego m\u0119\u017ca\" width=\"450\" height=\"523\" srcset=\"https:\/\/manzuko.com\/blog\/wp-content\/uploads\/2023\/07\/Pierscionek-od-Allena-258x300.jpg 258w, https:\/\/manzuko.com\/blog\/wp-content\/uploads\/2023\/07\/Pierscionek-od-Allena.jpg 432w\" sizes=\"(max-width: 450px) 100vw, 450px\" \/><figcaption id=\"caption-attachment-7542\" class=\"wp-caption-text\">ZDJ\u0118CIE: GETTY<\/figcaption><\/figure>\n<h5 style=\"text-align: justify;\"><span style=\"font-weight: 400;\">Pierwszy diament<\/span><\/h5>\n<p style=\"text-align: justify;\"><span style=\"font-weight: 400;\">Pierwszy pier\u015bcionek Minelli dosta\u0142a od Petera Allena. Para wzi\u0119\u0142a \u015blub w 1967 roku. Zar\u0119czynowy pier\u015bcionek stanowi\u0142a szeroka, z\u0142ota obr\u0105czka, w kt\u00f3rej osadzono p\u00f3\u0142karatowy, okr\u0105g\u0142y diament. Eksperci szacuj\u0105 warto\u015b\u0107 pier\u015bcionka na oko\u0142o 4000 funt\u00f3w. Ich ma\u0142\u017ce\u0144stwo trwa\u0142o siedem lat i sko\u0144czy\u0142o si\u0119 rozwodem. Co ciekawe, powodem by\u0142 Peter, kt\u00f3ry okaza\u0142 si\u0119 gejem i sypia\u0142 si\u0119 z Markiem Herronem \u2014 by\u0142ym m\u0119\u017cem Judy Garland.<\/span><\/p>\n<figure id=\"attachment_7543\" aria-describedby=\"caption-attachment-7543\" style=\"width: 501px\" class=\"wp-caption aligncenter\"><img decoding=\"async\" class=\" wp-image-7543\" src=\"https:\/\/manzuko.com\/blog\/wp-content\/uploads\/2023\/07\/Liza-i-Halson-300x176.jpg\" alt=\"Liza Minnelli i jej drugi m\u0105\u017c\" width=\"501\" height=\"294\" srcset=\"https:\/\/manzuko.com\/blog\/wp-content\/uploads\/2023\/07\/Liza-i-Halson-300x176.jpg 300w, https:\/\/manzuko.com\/blog\/wp-content\/uploads\/2023\/07\/Liza-i-Halson-768x450.jpg 768w, https:\/\/manzuko.com\/blog\/wp-content\/uploads\/2023\/07\/Liza-i-Halson-850x498.jpg 850w, https:\/\/manzuko.com\/blog\/wp-content\/uploads\/2023\/07\/Liza-i-Halson.jpg 877w\" sizes=\"(max-width: 501px) 100vw, 501px\" \/><figcaption id=\"caption-attachment-7543\" class=\"wp-caption-text\">ZDJ\u0118CIE: GETTY<\/figcaption><\/figure>\n<h5 style=\"text-align: justify;\"><span style=\"font-weight: 400;\">Drugi pier\u015bcionek zar\u0119czynowy Lizy<\/span><\/h5>\n<p style=\"text-align: justify;\"><span style=\"font-weight: 400;\">Drugie zar\u0119czyny mia\u0142y miejsce w tym samym roku, co rozw\u00f3d z Allenem. Szcz\u0119\u015bliwcem okaza\u0142 si\u0119 Jack Haley, kt\u00f3rego pozna\u0142a na planie filmowym <em>Czarnoksi\u0119\u017cnika z Krainy Oz<\/em>, w kt\u00f3rym grali ich rodzice. Jack o\u015bwiadczy\u0142 si\u0119 prostym pier\u015bcionkiem wartym 2 tysi\u0105ce funt\u00f3w, w kt\u00f3rym osadzono nie tylko diament, ale i szafir. Intymny \u015blub i pi\u0119\u0107 lat ma\u0142\u017ce\u0144stwa ponownie sko\u0144czy\u0142y si\u0119 rozwodem, podobno para pasowa\u0142a do siebie platonicznie, lecz zabrak\u0142o im romantyzmu.<\/span><\/p>\n<figure id=\"attachment_7544\" aria-describedby=\"caption-attachment-7544\" style=\"width: 502px\" class=\"wp-caption aligncenter\"><img decoding=\"async\" class=\" wp-image-7544\" src=\"https:\/\/manzuko.com\/blog\/wp-content\/uploads\/2023\/07\/Liza-i-Gero-300x174.jpg\" alt=\"Aktorka z jej trzecim m\u0119\u017cem\" width=\"502\" height=\"291\" srcset=\"https:\/\/manzuko.com\/blog\/wp-content\/uploads\/2023\/07\/Liza-i-Gero-300x174.jpg 300w, https:\/\/manzuko.com\/blog\/wp-content\/uploads\/2023\/07\/Liza-i-Gero-768x446.jpg 768w, https:\/\/manzuko.com\/blog\/wp-content\/uploads\/2023\/07\/Liza-i-Gero-850x493.jpg 850w, https:\/\/manzuko.com\/blog\/wp-content\/uploads\/2023\/07\/Liza-i-Gero.jpg 858w\" sizes=\"(max-width: 502px) 100vw, 502px\" \/><figcaption id=\"caption-attachment-7544\" class=\"wp-caption-text\">ZDJ\u0118CIE: GETTY<\/figcaption><\/figure>\n<h5 style=\"text-align: justify;\"><span style=\"font-weight: 400;\">Do trzech razy sztuka<\/span><\/h5>\n<p style=\"text-align: justify;\"><span style=\"font-weight: 400;\">Trzecim m\u0119\u017cem Lizy by\u0142 rze\u017abiarz Mark Gero. Aktorka i piosenkarka marzy\u0142a, aby za\u0142o\u017cy\u0107 z nim rodzin\u0119. Para pobra\u0142a si\u0119 w 1979 roku. Mark o\u015bwiadczy\u0142 si\u0119 pier\u015bcionkiem wartym oko\u0142o 15 000 funt\u00f3w, w kt\u00f3rym w z\u0142otej obr\u0105czce osadzono dwa diamenty. Niestety w 1992 roku ma\u0142\u017ce\u0144stwo dobieg\u0142o ko\u0144ca.<\/span><\/p>\n<figure id=\"attachment_7545\" aria-describedby=\"caption-attachment-7545\" style=\"width: 503px\" class=\"wp-caption aligncenter\"><img decoding=\"async\" class=\" wp-image-7545\" src=\"https:\/\/manzuko.com\/blog\/wp-content\/uploads\/2023\/07\/Ostatnie-zareczyny-Lizy-300x182.jpg\" alt=\"Piosenkarka wraz z ostatnim m\u0119\u017cem\" width=\"503\" height=\"305\" srcset=\"https:\/\/manzuko.com\/blog\/wp-content\/uploads\/2023\/07\/Ostatnie-zareczyny-Lizy-300x182.jpg 300w, https:\/\/manzuko.com\/blog\/wp-content\/uploads\/2023\/07\/Ostatnie-zareczyny-Lizy-768x466.jpg 768w, https:\/\/manzuko.com\/blog\/wp-content\/uploads\/2023\/07\/Ostatnie-zareczyny-Lizy.jpg 847w\" sizes=\"(max-width: 503px) 100vw, 503px\" \/><figcaption id=\"caption-attachment-7545\" class=\"wp-caption-text\">ZDJ\u0118CIE: GETTY<\/figcaption><\/figure>\n<h5 style=\"text-align: justify;\"><span style=\"font-weight: 400;\">Ostatni raz<\/span><\/h5>\n<p style=\"text-align: justify;\"><span style=\"font-weight: 400;\">Czwarte i ostatnie ma\u0142\u017ce\u0144stwo Lizy trwa\u0142o od 2002 do 2007 roku. Jej m\u0119\u017cem by\u0142 David Gest, kt\u00f3ry prosz\u0105c Liz\u0119 o r\u0119k\u0119 podarowa\u0142 jej trzykartowy diamentowy pier\u015bcionek. By\u0142 to pier\u015bcionek<a href=\"https:\/\/manzuko.com\/szukaj?search=r%C3%B3%C5%BCowe%20z%C5%82oto\"> z r\u00f3\u017cowego z\u0142ota<\/a> z okr\u0105g\u0142ym diamentem. Ten ca\u0142kiem spory klejnot sprawi\u0142, \u017ce pier\u015bcionek warty by\u0142 oko\u0142o 25 tysi\u0119cy funt\u00f3w. By\u0142a to jednak kropla w morzu ich wartego 3,5 miliona dolar\u00f3w wesela!<\/span><\/p>\n<p style=\"text-align: justify;\"><span style=\"font-weight: 400;\">W jednym z wywiad\u00f3w w 2010 roku Liza zosta\u0142a zapytana, czy spr\u00f3bowa\u0142aby szcz\u0119\u015bcia w ma\u0142\u017ce\u0144stwie po raz pi\u0105ty. Zaskoczona odpowiedzia\u0142a pytaniem, czy rozm\u00f3wca oszala\u0142 i skwitowa\u0142a temat, \u017ce nie, co wydaje si\u0119 absolutnie zrozumia\u0142e, bior\u0105c pod uwag\u0119 nie tylko jej histori\u0119, ale tak\u017ce wiek i stan zdrowia.<\/span><\/p>\n<h4 style=\"text-align: justify;\"><span style=\"font-weight: 400;\">Spodoba\u0142 Ci si\u0119 ten wpis? Ciekawe, czy kolejny te\u017c wpadnie w Tw\u00f3j gust!<\/span><\/h4>\n<ul>\n<li style=\"font-weight: 400; text-align: justify;\" aria-level=\"1\"><a href=\"https:\/\/manzuko.com\/blog\/broszki-znane-dodatki-w-nowym-wydaniu\/\"><span style=\"font-weight: 400;\">Poznaj histori\u0119 broszek i pomys\u0142y na ich stworzenie<\/span><\/a><\/li>\n<li style=\"font-weight: 400; text-align: justify;\" aria-level=\"1\"><a href=\"https:\/\/manzuko.com\/blog\/messika-mloda-marka-z-mysla-o-kobietach\/\"><span style=\"font-weight: 400;\">Zainspiruj si\u0119 histori\u0105 marki Messika<\/span><\/a><\/li>\n<li style=\"font-weight: 400; text-align: justify;\" aria-level=\"1\"><a href=\"https:\/\/manzuko.com\/blog\/sodalit-kamien-idealny-dla-ksiezniczki\/\"><span style=\"font-weight: 400;\">Dowiedz si\u0119, czemu sodality s\u0105 idealne dla ksi\u0119\u017cniczek<\/span><\/a><\/li>\n<li style=\"font-weight: 400; text-align: justify;\" aria-level=\"1\"><a href=\"https:\/\/manzuko.com\/blog\/15-sposobow-na-rzemien-w-bizuterii\/\"><span style=\"font-weight: 400;\">Odkryj sposoby na wykorzystanie rzemieni<\/span><\/a><\/li>\n<\/ul>\n","protected":false},"excerpt":{"rendered":"<p>Liza Minnelli to niezaprzeczalnie kultowa posta\u0107 ameryka\u0144skiej sceny i srebrnego ekranu. Od najm\u0142odszych lat wyst\u0119powa\u0142a w filmach, co by\u0142o zaledwie pocz\u0105tkiem jej niezwykle&hellip;<\/p>\n","protected":false},"author":13,"featured_media":7546,"comment_status":"open","ping_status":"closed","sticky":false,"template":"","format":"standard","meta":{"footnotes":""},"categories":[17],"tags":[50],"class_list":["post-7464","post","type-post","status-publish","format-standard","has-post-thumbnail","hentry","category-bizuteria-gwiazd","tag-artykuly-o-historii-bizuterii"],"yoast_head":"<!-- This site is optimized with the Yoast SEO Premium plugin v26.8 (Yoast SEO v27.5) - https:\/\/yoast.com\/product\/yoast-seo-premium-wordpress\/ -->\n<title>Liza Minnelli \u2014 kultowa fanka Peretti \u2014 blog \u2014 manzuko.com<\/title>\n<meta name=\"description\" content=\"Liza Minnelli to ikona praktycznie ka\u017cdego rodzaju sceny. Odkryj jej histori\u0119, poznaj pier\u015bcionki zar\u0119czynowe i ulubione dodatki!\" \/>\n<meta name=\"robots\" content=\"index, follow, max-snippet:-1, max-image-preview:large, max-video-preview:-1\" \/>\n<link rel=\"canonical\" href=\"https:\/\/manzuko.com\/blog\/liza-minnelli-kultowa-fanka-peretti\/\" \/>\n<meta property=\"og:locale\" content=\"pl_PL\" \/>\n<meta property=\"og:type\" content=\"article\" \/>\n<meta property=\"og:title\" content=\"Liza Minnelli \u2014 kultowa fanka Peretti\" \/>\n<meta property=\"og:description\" content=\"Liza Minnelli to ikona praktycznie ka\u017cdego rodzaju sceny. Odkryj jej histori\u0119, poznaj pier\u015bcionki zar\u0119czynowe i ulubione dodatki!\" \/>\n<meta property=\"og:url\" content=\"https:\/\/manzuko.com\/blog\/liza-minnelli-kultowa-fanka-peretti\/\" \/>\n<meta property=\"og:site_name\" content=\"Blog manzuko.com\" \/>\n<meta property=\"article:publisher\" content=\"https:\/\/pl-pl.facebook.com\/manzukocom\/\" \/>\n<meta property=\"article:published_time\" content=\"2023-09-12T10:00:49+00:00\" \/>\n<meta property=\"article:modified_time\" content=\"2026-03-30T17:49:44+00:00\" \/>\n<meta property=\"og:image\" content=\"https:\/\/manzuko.com\/blog\/wp-content\/uploads\/2023\/07\/Liza-Minneli-w-kostiumie.jpg\" \/>\n\t<meta property=\"og:image:width\" content=\"862\" \/>\n\t<meta property=\"og:image:height\" content=\"703\" \/>\n\t<meta property=\"og:image:type\" content=\"image\/jpeg\" \/>\n<meta name=\"author\" content=\"Karolina Koniarska\" \/>\n<meta name=\"twitter:card\" content=\"summary_large_image\" \/>\n<meta name=\"twitter:label1\" content=\"Napisane przez\" \/>\n\t<meta name=\"twitter:data1\" content=\"Karolina Koniarska\" \/>\n\t<meta name=\"twitter:label2\" content=\"Szacowany czas czytania\" \/>\n\t<meta name=\"twitter:data2\" content=\"13 minut\" \/>\n<script type=\"application\/ld+json\" class=\"yoast-schema-graph\">{\"@context\":\"https:\\\/\\\/schema.org\",\"@graph\":[{\"@type\":\"Article\",\"@id\":\"https:\\\/\\\/manzuko.com\\\/blog\\\/liza-minnelli-kultowa-fanka-peretti\\\/#article\",\"isPartOf\":{\"@id\":\"https:\\\/\\\/manzuko.com\\\/blog\\\/liza-minnelli-kultowa-fanka-peretti\\\/\"},\"author\":{\"name\":\"Karolina Koniarska\",\"@id\":\"https:\\\/\\\/manzuko.com\\\/blog\\\/#\\\/schema\\\/person\\\/72afc64c537afd7afaa3f3c9c4490df2\"},\"headline\":\"Liza Minnelli \u2014 kultowa fanka Peretti\",\"datePublished\":\"2023-09-12T10:00:49+00:00\",\"dateModified\":\"2026-03-30T17:49:44+00:00\",\"mainEntityOfPage\":{\"@id\":\"https:\\\/\\\/manzuko.com\\\/blog\\\/liza-minnelli-kultowa-fanka-peretti\\\/\"},\"wordCount\":2193,\"commentCount\":1,\"publisher\":{\"@id\":\"https:\\\/\\\/manzuko.com\\\/blog\\\/#organization\"},\"image\":{\"@id\":\"https:\\\/\\\/manzuko.com\\\/blog\\\/liza-minnelli-kultowa-fanka-peretti\\\/#primaryimage\"},\"thumbnailUrl\":\"https:\\\/\\\/manzuko.com\\\/blog\\\/wp-content\\\/uploads\\\/2023\\\/07\\\/Liza-Minneli-w-kostiumie.jpg\",\"keywords\":[\"historia bi\u017cuterii\"],\"articleSection\":[\"Bi\u017cuteria gwiazd\"],\"inLanguage\":\"pl-PL\",\"potentialAction\":[{\"@type\":\"CommentAction\",\"name\":\"Comment\",\"target\":[\"https:\\\/\\\/manzuko.com\\\/blog\\\/liza-minnelli-kultowa-fanka-peretti\\\/#respond\"]}]},{\"@type\":\"WebPage\",\"@id\":\"https:\\\/\\\/manzuko.com\\\/blog\\\/liza-minnelli-kultowa-fanka-peretti\\\/\",\"url\":\"https:\\\/\\\/manzuko.com\\\/blog\\\/liza-minnelli-kultowa-fanka-peretti\\\/\",\"name\":\"Liza Minnelli \u2014 kultowa fanka Peretti \u2014 blog \u2014 manzuko.com\",\"isPartOf\":{\"@id\":\"https:\\\/\\\/manzuko.com\\\/blog\\\/#website\"},\"primaryImageOfPage\":{\"@id\":\"https:\\\/\\\/manzuko.com\\\/blog\\\/liza-minnelli-kultowa-fanka-peretti\\\/#primaryimage\"},\"image\":{\"@id\":\"https:\\\/\\\/manzuko.com\\\/blog\\\/liza-minnelli-kultowa-fanka-peretti\\\/#primaryimage\"},\"thumbnailUrl\":\"https:\\\/\\\/manzuko.com\\\/blog\\\/wp-content\\\/uploads\\\/2023\\\/07\\\/Liza-Minneli-w-kostiumie.jpg\",\"datePublished\":\"2023-09-12T10:00:49+00:00\",\"dateModified\":\"2026-03-30T17:49:44+00:00\",\"description\":\"Liza Minnelli to ikona praktycznie ka\u017cdego rodzaju sceny. Odkryj jej histori\u0119, poznaj pier\u015bcionki zar\u0119czynowe i ulubione dodatki!\",\"breadcrumb\":{\"@id\":\"https:\\\/\\\/manzuko.com\\\/blog\\\/liza-minnelli-kultowa-fanka-peretti\\\/#breadcrumb\"},\"inLanguage\":\"pl-PL\",\"potentialAction\":[{\"@type\":\"ReadAction\",\"target\":[\"https:\\\/\\\/manzuko.com\\\/blog\\\/liza-minnelli-kultowa-fanka-peretti\\\/\"]}]},{\"@type\":\"ImageObject\",\"inLanguage\":\"pl-PL\",\"@id\":\"https:\\\/\\\/manzuko.com\\\/blog\\\/liza-minnelli-kultowa-fanka-peretti\\\/#primaryimage\",\"url\":\"https:\\\/\\\/manzuko.com\\\/blog\\\/wp-content\\\/uploads\\\/2023\\\/07\\\/Liza-Minneli-w-kostiumie.jpg\",\"contentUrl\":\"https:\\\/\\\/manzuko.com\\\/blog\\\/wp-content\\\/uploads\\\/2023\\\/07\\\/Liza-Minneli-w-kostiumie.jpg\",\"width\":862,\"height\":703,\"caption\":\"ZDJ\u0118CIE: GETTY\"},{\"@type\":\"BreadcrumbList\",\"@id\":\"https:\\\/\\\/manzuko.com\\\/blog\\\/liza-minnelli-kultowa-fanka-peretti\\\/#breadcrumb\",\"itemListElement\":[{\"@type\":\"ListItem\",\"position\":1,\"name\":\"Strona g\u0142\u00f3wna\",\"item\":\"https:\\\/\\\/manzuko.com\\\/blog\\\/\"},{\"@type\":\"ListItem\",\"position\":2,\"name\":\"Liza Minnelli \u2014 kultowa fanka Peretti\"}]},{\"@type\":\"WebSite\",\"@id\":\"https:\\\/\\\/manzuko.com\\\/blog\\\/#website\",\"url\":\"https:\\\/\\\/manzuko.com\\\/blog\\\/\",\"name\":\"Blog manzuko.com\",\"description\":\"Koraliki i p\u00f3\u0142fabrykaty do bi\u017cuterii to Twoje ulubione puzzle? Ten blog jest dla Ciebie.\",\"publisher\":{\"@id\":\"https:\\\/\\\/manzuko.com\\\/blog\\\/#organization\"},\"potentialAction\":[{\"@type\":\"SearchAction\",\"target\":{\"@type\":\"EntryPoint\",\"urlTemplate\":\"https:\\\/\\\/manzuko.com\\\/blog\\\/?s={search_term_string}\"},\"query-input\":{\"@type\":\"PropertyValueSpecification\",\"valueRequired\":true,\"valueName\":\"search_term_string\"}}],\"inLanguage\":\"pl-PL\"},{\"@type\":\"Organization\",\"@id\":\"https:\\\/\\\/manzuko.com\\\/blog\\\/#organization\",\"name\":\"Manzuko\",\"url\":\"https:\\\/\\\/manzuko.com\\\/blog\\\/\",\"logo\":{\"@type\":\"ImageObject\",\"inLanguage\":\"pl-PL\",\"@id\":\"https:\\\/\\\/manzuko.com\\\/blog\\\/#\\\/schema\\\/logo\\\/image\\\/\",\"url\":\"https:\\\/\\\/manzuko.com\\\/blog\\\/wp-content\\\/uploads\\\/2025\\\/01\\\/Manzuko-Logo1111.png\",\"contentUrl\":\"https:\\\/\\\/manzuko.com\\\/blog\\\/wp-content\\\/uploads\\\/2025\\\/01\\\/Manzuko-Logo1111.png\",\"width\":824,\"height\":853,\"caption\":\"Manzuko\"},\"image\":{\"@id\":\"https:\\\/\\\/manzuko.com\\\/blog\\\/#\\\/schema\\\/logo\\\/image\\\/\"},\"sameAs\":[\"https:\\\/\\\/pl-pl.facebook.com\\\/manzukocom\\\/\",\"https:\\\/\\\/pl.pinterest.com\\\/manzukocom\\\/\",\"https:\\\/\\\/www.instagram.com\\\/manzukocom\\\/\"],\"description\":\"Blog Manzuko jest miejscem, w kt\u00f3rym zesp\u00f3\u0142 tego sklepu z koralikami stara si\u0119 przybli\u017ca\u0107 pi\u0119kno i kreatywne mo\u017cliwo\u015bci jakie daje samodzielne tworzenie bi\u017cuterii. Na tym blogu znajdziesz porady jak zrobi\u0107 bransoletki i naszyjniki, jak czy\u015bci\u0107 i przechowywa\u0107 bi\u017cuteri\u0119 oraz jakich koralik\u00f3w i p\u00f3\u0142fabrykat\u00f3w u\u017cy\u0107 do poszczeg\u00f3lnych projekt\u00f3w. Posty z tutorialami i poradami przeplatamy takimi, w kt\u00f3rych mn\u00f3stwo jest ciekawostek z zakresu gemmologii jak i trend\u00f3w z wybieg\u00f3w mody i wielkich Gal. Regularnie podpatrujemy dla Was Gal\u0119 wr\u0119czenia Oskar\u00f3w i Met Gal\u0119, \u015bledzimy z zaanga\u017cowaniem bi\u017cuteri\u0119 przewijaj\u0105c\u0105 si\u0119 w filmach. Sklep Manzuko to dziesi\u0105tki tysi\u0119cy koralik\u00f3w i p\u00f3\u0142fabrykat\u00f3w, pomagamy odnale\u017a\u0107 si\u0119 w tym \u015bwiecie nawet laikom, by z przyjemno\u015bci\u0105 da\u0142o si\u0119 tworzy\u0107 pi\u0119kne przedmioty.\",\"email\":\"sklep@manzuko.com\",\"telephone\":\"(+48) 733-885-808\",\"legalName\":\"Koniarscy s.c. Zuzanna Koniarska Mateusz Koniarski\",\"foundingDate\":\"1993-05-17\",\"vatID\":\"8431074220\",\"numberOfEmployees\":{\"@type\":\"QuantitativeValue\",\"minValue\":\"1\",\"maxValue\":\"10\"}},{\"@type\":\"Person\",\"@id\":\"https:\\\/\\\/manzuko.com\\\/blog\\\/#\\\/schema\\\/person\\\/72afc64c537afd7afaa3f3c9c4490df2\",\"name\":\"Karolina Koniarska\",\"image\":{\"@type\":\"ImageObject\",\"inLanguage\":\"pl-PL\",\"@id\":\"https:\\\/\\\/secure.gravatar.com\\\/avatar\\\/f3ee635ca00e6dc974ca4540acc721d7398de3d9f22ab0e07fa27505484fd0b7?s=96&d=initials&r=g&initials=kk\",\"url\":\"https:\\\/\\\/secure.gravatar.com\\\/avatar\\\/f3ee635ca00e6dc974ca4540acc721d7398de3d9f22ab0e07fa27505484fd0b7?s=96&d=initials&r=g&initials=kk\",\"contentUrl\":\"https:\\\/\\\/secure.gravatar.com\\\/avatar\\\/f3ee635ca00e6dc974ca4540acc721d7398de3d9f22ab0e07fa27505484fd0b7?s=96&d=initials&r=g&initials=kk\",\"caption\":\"Karolina Koniarska\"},\"description\":\"Najmniej artystyczna dusza ca\u0142ej rodziny z zami\u0142owaniem do nauki wszystkiego, co bardziej lub mniej potrzebne. Chaotyczna, g\u0142o\u015bna i niezaprzeczalnie gadatliwa. Uwielbia czyta\u0107 ksi\u0105\u017cki, gra\u0107 w plansz\u00f3wki i rozmawia\u0107 z lud\u017ami, nie pogardzi te\u017c okazyjnym \u201erz\u0105dzeniem si\u0119\\\". Obecnie studiuje medycyn\u0119 z nadziej\u0105 na zostanie neonatologiem. Pasj\u0119 do gotowania \u0142\u0105czy z mi\u0142o\u015bci\u0105 do dbania o bliskich. W niemal ka\u017cdej chwili \u017cycia ma przy sobie kubek lub butelk\u0119 z dowolnym rodzajem herbaty.\",\"url\":\"https:\\\/\\\/manzuko.com\\\/blog\\\/author\\\/kkoniarska\\\/\"}]}<\/script>\n<!-- \/ Yoast SEO Premium plugin. -->","yoast_head_json":{"title":"Liza Minnelli \u2014 kultowa fanka Peretti \u2014 blog \u2014 manzuko.com","description":"Liza Minnelli to ikona praktycznie ka\u017cdego rodzaju sceny. Odkryj jej histori\u0119, poznaj pier\u015bcionki zar\u0119czynowe i ulubione dodatki!","robots":{"index":"index","follow":"follow","max-snippet":"max-snippet:-1","max-image-preview":"max-image-preview:large","max-video-preview":"max-video-preview:-1"},"canonical":"https:\/\/manzuko.com\/blog\/liza-minnelli-kultowa-fanka-peretti\/","og_locale":"pl_PL","og_type":"article","og_title":"Liza Minnelli \u2014 kultowa fanka Peretti","og_description":"Liza Minnelli to ikona praktycznie ka\u017cdego rodzaju sceny. Odkryj jej histori\u0119, poznaj pier\u015bcionki zar\u0119czynowe i ulubione dodatki!","og_url":"https:\/\/manzuko.com\/blog\/liza-minnelli-kultowa-fanka-peretti\/","og_site_name":"Blog manzuko.com","article_publisher":"https:\/\/pl-pl.facebook.com\/manzukocom\/","article_published_time":"2023-09-12T10:00:49+00:00","article_modified_time":"2026-03-30T17:49:44+00:00","og_image":[{"width":862,"height":703,"url":"https:\/\/manzuko.com\/blog\/wp-content\/uploads\/2023\/07\/Liza-Minneli-w-kostiumie.jpg","type":"image\/jpeg"}],"author":"Karolina Koniarska","twitter_card":"summary_large_image","twitter_misc":{"Napisane przez":"Karolina Koniarska","Szacowany czas czytania":"13 minut"},"schema":{"@context":"https:\/\/schema.org","@graph":[{"@type":"Article","@id":"https:\/\/manzuko.com\/blog\/liza-minnelli-kultowa-fanka-peretti\/#article","isPartOf":{"@id":"https:\/\/manzuko.com\/blog\/liza-minnelli-kultowa-fanka-peretti\/"},"author":{"name":"Karolina Koniarska","@id":"https:\/\/manzuko.com\/blog\/#\/schema\/person\/72afc64c537afd7afaa3f3c9c4490df2"},"headline":"Liza Minnelli \u2014 kultowa fanka Peretti","datePublished":"2023-09-12T10:00:49+00:00","dateModified":"2026-03-30T17:49:44+00:00","mainEntityOfPage":{"@id":"https:\/\/manzuko.com\/blog\/liza-minnelli-kultowa-fanka-peretti\/"},"wordCount":2193,"commentCount":1,"publisher":{"@id":"https:\/\/manzuko.com\/blog\/#organization"},"image":{"@id":"https:\/\/manzuko.com\/blog\/liza-minnelli-kultowa-fanka-peretti\/#primaryimage"},"thumbnailUrl":"https:\/\/manzuko.com\/blog\/wp-content\/uploads\/2023\/07\/Liza-Minneli-w-kostiumie.jpg","keywords":["historia bi\u017cuterii"],"articleSection":["Bi\u017cuteria gwiazd"],"inLanguage":"pl-PL","potentialAction":[{"@type":"CommentAction","name":"Comment","target":["https:\/\/manzuko.com\/blog\/liza-minnelli-kultowa-fanka-peretti\/#respond"]}]},{"@type":"WebPage","@id":"https:\/\/manzuko.com\/blog\/liza-minnelli-kultowa-fanka-peretti\/","url":"https:\/\/manzuko.com\/blog\/liza-minnelli-kultowa-fanka-peretti\/","name":"Liza Minnelli \u2014 kultowa fanka Peretti \u2014 blog \u2014 manzuko.com","isPartOf":{"@id":"https:\/\/manzuko.com\/blog\/#website"},"primaryImageOfPage":{"@id":"https:\/\/manzuko.com\/blog\/liza-minnelli-kultowa-fanka-peretti\/#primaryimage"},"image":{"@id":"https:\/\/manzuko.com\/blog\/liza-minnelli-kultowa-fanka-peretti\/#primaryimage"},"thumbnailUrl":"https:\/\/manzuko.com\/blog\/wp-content\/uploads\/2023\/07\/Liza-Minneli-w-kostiumie.jpg","datePublished":"2023-09-12T10:00:49+00:00","dateModified":"2026-03-30T17:49:44+00:00","description":"Liza Minnelli to ikona praktycznie ka\u017cdego rodzaju sceny. Odkryj jej histori\u0119, poznaj pier\u015bcionki zar\u0119czynowe i ulubione dodatki!","breadcrumb":{"@id":"https:\/\/manzuko.com\/blog\/liza-minnelli-kultowa-fanka-peretti\/#breadcrumb"},"inLanguage":"pl-PL","potentialAction":[{"@type":"ReadAction","target":["https:\/\/manzuko.com\/blog\/liza-minnelli-kultowa-fanka-peretti\/"]}]},{"@type":"ImageObject","inLanguage":"pl-PL","@id":"https:\/\/manzuko.com\/blog\/liza-minnelli-kultowa-fanka-peretti\/#primaryimage","url":"https:\/\/manzuko.com\/blog\/wp-content\/uploads\/2023\/07\/Liza-Minneli-w-kostiumie.jpg","contentUrl":"https:\/\/manzuko.com\/blog\/wp-content\/uploads\/2023\/07\/Liza-Minneli-w-kostiumie.jpg","width":862,"height":703,"caption":"ZDJ\u0118CIE: GETTY"},{"@type":"BreadcrumbList","@id":"https:\/\/manzuko.com\/blog\/liza-minnelli-kultowa-fanka-peretti\/#breadcrumb","itemListElement":[{"@type":"ListItem","position":1,"name":"Strona g\u0142\u00f3wna","item":"https:\/\/manzuko.com\/blog\/"},{"@type":"ListItem","position":2,"name":"Liza Minnelli \u2014 kultowa fanka Peretti"}]},{"@type":"WebSite","@id":"https:\/\/manzuko.com\/blog\/#website","url":"https:\/\/manzuko.com\/blog\/","name":"Blog manzuko.com","description":"Koraliki i p\u00f3\u0142fabrykaty do bi\u017cuterii to Twoje ulubione puzzle? Ten blog jest dla Ciebie.","publisher":{"@id":"https:\/\/manzuko.com\/blog\/#organization"},"potentialAction":[{"@type":"SearchAction","target":{"@type":"EntryPoint","urlTemplate":"https:\/\/manzuko.com\/blog\/?s={search_term_string}"},"query-input":{"@type":"PropertyValueSpecification","valueRequired":true,"valueName":"search_term_string"}}],"inLanguage":"pl-PL"},{"@type":"Organization","@id":"https:\/\/manzuko.com\/blog\/#organization","name":"Manzuko","url":"https:\/\/manzuko.com\/blog\/","logo":{"@type":"ImageObject","inLanguage":"pl-PL","@id":"https:\/\/manzuko.com\/blog\/#\/schema\/logo\/image\/","url":"https:\/\/manzuko.com\/blog\/wp-content\/uploads\/2025\/01\/Manzuko-Logo1111.png","contentUrl":"https:\/\/manzuko.com\/blog\/wp-content\/uploads\/2025\/01\/Manzuko-Logo1111.png","width":824,"height":853,"caption":"Manzuko"},"image":{"@id":"https:\/\/manzuko.com\/blog\/#\/schema\/logo\/image\/"},"sameAs":["https:\/\/pl-pl.facebook.com\/manzukocom\/","https:\/\/pl.pinterest.com\/manzukocom\/","https:\/\/www.instagram.com\/manzukocom\/"],"description":"Blog Manzuko jest miejscem, w kt\u00f3rym zesp\u00f3\u0142 tego sklepu z koralikami stara si\u0119 przybli\u017ca\u0107 pi\u0119kno i kreatywne mo\u017cliwo\u015bci jakie daje samodzielne tworzenie bi\u017cuterii. Na tym blogu znajdziesz porady jak zrobi\u0107 bransoletki i naszyjniki, jak czy\u015bci\u0107 i przechowywa\u0107 bi\u017cuteri\u0119 oraz jakich koralik\u00f3w i p\u00f3\u0142fabrykat\u00f3w u\u017cy\u0107 do poszczeg\u00f3lnych projekt\u00f3w. Posty z tutorialami i poradami przeplatamy takimi, w kt\u00f3rych mn\u00f3stwo jest ciekawostek z zakresu gemmologii jak i trend\u00f3w z wybieg\u00f3w mody i wielkich Gal. Regularnie podpatrujemy dla Was Gal\u0119 wr\u0119czenia Oskar\u00f3w i Met Gal\u0119, \u015bledzimy z zaanga\u017cowaniem bi\u017cuteri\u0119 przewijaj\u0105c\u0105 si\u0119 w filmach. Sklep Manzuko to dziesi\u0105tki tysi\u0119cy koralik\u00f3w i p\u00f3\u0142fabrykat\u00f3w, pomagamy odnale\u017a\u0107 si\u0119 w tym \u015bwiecie nawet laikom, by z przyjemno\u015bci\u0105 da\u0142o si\u0119 tworzy\u0107 pi\u0119kne przedmioty.","email":"sklep@manzuko.com","telephone":"(+48) 733-885-808","legalName":"Koniarscy s.c. Zuzanna Koniarska Mateusz Koniarski","foundingDate":"1993-05-17","vatID":"8431074220","numberOfEmployees":{"@type":"QuantitativeValue","minValue":"1","maxValue":"10"}},{"@type":"Person","@id":"https:\/\/manzuko.com\/blog\/#\/schema\/person\/72afc64c537afd7afaa3f3c9c4490df2","name":"Karolina Koniarska","image":{"@type":"ImageObject","inLanguage":"pl-PL","@id":"https:\/\/secure.gravatar.com\/avatar\/f3ee635ca00e6dc974ca4540acc721d7398de3d9f22ab0e07fa27505484fd0b7?s=96&d=initials&r=g&initials=kk","url":"https:\/\/secure.gravatar.com\/avatar\/f3ee635ca00e6dc974ca4540acc721d7398de3d9f22ab0e07fa27505484fd0b7?s=96&d=initials&r=g&initials=kk","contentUrl":"https:\/\/secure.gravatar.com\/avatar\/f3ee635ca00e6dc974ca4540acc721d7398de3d9f22ab0e07fa27505484fd0b7?s=96&d=initials&r=g&initials=kk","caption":"Karolina Koniarska"},"description":"Najmniej artystyczna dusza ca\u0142ej rodziny z zami\u0142owaniem do nauki wszystkiego, co bardziej lub mniej potrzebne. Chaotyczna, g\u0142o\u015bna i niezaprzeczalnie gadatliwa. Uwielbia czyta\u0107 ksi\u0105\u017cki, gra\u0107 w plansz\u00f3wki i rozmawia\u0107 z lud\u017ami, nie pogardzi te\u017c okazyjnym \u201erz\u0105dzeniem si\u0119\". Obecnie studiuje medycyn\u0119 z nadziej\u0105 na zostanie neonatologiem. Pasj\u0119 do gotowania \u0142\u0105czy z mi\u0142o\u015bci\u0105 do dbania o bliskich. W niemal ka\u017cdej chwili \u017cycia ma przy sobie kubek lub butelk\u0119 z dowolnym rodzajem herbaty.","url":"https:\/\/manzuko.com\/blog\/author\/kkoniarska\/"}]}},"_links":{"self":[{"href":"https:\/\/manzuko.com\/blog\/wp-json\/wp\/v2\/posts\/7464","targetHints":{"allow":["GET"]}}],"collection":[{"href":"https:\/\/manzuko.com\/blog\/wp-json\/wp\/v2\/posts"}],"about":[{"href":"https:\/\/manzuko.com\/blog\/wp-json\/wp\/v2\/types\/post"}],"author":[{"embeddable":true,"href":"https:\/\/manzuko.com\/blog\/wp-json\/wp\/v2\/users\/13"}],"replies":[{"embeddable":true,"href":"https:\/\/manzuko.com\/blog\/wp-json\/wp\/v2\/comments?post=7464"}],"version-history":[{"count":1,"href":"https:\/\/manzuko.com\/blog\/wp-json\/wp\/v2\/posts\/7464\/revisions"}],"predecessor-version":[{"id":10281,"href":"https:\/\/manzuko.com\/blog\/wp-json\/wp\/v2\/posts\/7464\/revisions\/10281"}],"wp:featuredmedia":[{"embeddable":true,"href":"https:\/\/manzuko.com\/blog\/wp-json\/wp\/v2\/media\/7546"}],"wp:attachment":[{"href":"https:\/\/manzuko.com\/blog\/wp-json\/wp\/v2\/media?parent=7464"}],"wp:term":[{"taxonomy":"category","embeddable":true,"href":"https:\/\/manzuko.com\/blog\/wp-json\/wp\/v2\/categories?post=7464"},{"taxonomy":"post_tag","embeddable":true,"href":"https:\/\/manzuko.com\/blog\/wp-json\/wp\/v2\/tags?post=7464"}],"curies":[{"name":"wp","href":"https:\/\/api.w.org\/{rel}","templated":true}]}}