{"id":9638,"date":"2025-05-08T12:00:08","date_gmt":"2025-05-08T10:00:08","guid":{"rendered":"https:\/\/manzuko.com\/blog\/?p=9638"},"modified":"2026-03-18T13:53:26","modified_gmt":"2026-03-18T12:53:26","slug":"met-gala-2025-najpiekniejsza-bizuteria-wsrod-najprzedniejszego-krawiectwa","status":"publish","type":"post","link":"https:\/\/manzuko.com\/blog\/met-gala-2025-najpiekniejsza-bizuteria-wsrod-najprzedniejszego-krawiectwa\/","title":{"rendered":"Met Gala 2025 \u2013 najpi\u0119kniejsza bi\u017cuteria w\u015br\u00f3d najprzedniejszego krawiectwa"},"content":{"rendered":"<p style=\"text-align: justify;\"><span style=\"font-weight: 400;\">Met Gala to jedno z najwa\u017cniejszych wydarze\u0144 w \u015bwiecie mody. Impreza co roku przyci\u0105ga uwag\u0119 nie tylko bran\u017cowych ekspert\u00f3w, ale tak\u017ce mi\u0142o\u015bnik\u00f3w stylu z ca\u0142ego globu. Motyw przewodni tegorocznej edycji \u201eSuperfine: Tailoring Black Style\u201d sk\u0142oni\u0142 projektant\u00f3w i gwiazdy do si\u0119gni\u0119cia po inspiracje z historii czarnej elegancji, dandysowskiego stylu oraz niezwykle precyzyjnego, cz\u0119sto r\u0119cznego krawiectwa. W tym wpisie nie b\u0119dziemy jednak skupia\u0107 si\u0119 na samych ubraniach ani na tym, jak gwiazdy interpretowa\u0142y przewodni temat gali. Zamiast tego zapraszam Ci\u0119 do wsp\u00f3lnego podziwiania najpi\u0119kniejszej bi\u017cuterii. Na Met Gali 2025 nie zabrak\u0142o spektakularnych klejnot\u00f3w i ekstrawaganckich dodatk\u00f3w. Podobnie jak podczas tegorocznych Oscar\u00f3w \u2013 cyrkonie i koraliki dos\u0142ownie ocieka\u0142y z niekt\u00f3rych stylizacji. Przyjrzyjmy si\u0119 z bliska tym, kt\u00f3rzy dzi\u0119ki bi\u017cuterii b\u0142yszczeli najja\u015bniej!<\/span><\/p>\n<h2 style=\"text-align: justify;\"><b>Du\u017ce klejnoty \u2013 bi\u017cuteria, kt\u00f3rej nie da\u0142o si\u0119 przeoczy\u0107 na Gali MET 2025<\/b><\/h2>\n<p style=\"text-align: justify;\"><span style=\"font-weight: 400;\"><strong>W tym roku na Met Gali nie mo\u017cna by\u0142o oderwa\u0107 wzroku od wielkich, monumentalnych kamieni i klejnot\u00f3w, kt\u00f3re zdobi\u0142y szyje, dekolty i klapy marynarek najwi\u0119kszych gwiazd<\/strong>. To w\u0142a\u015bnie one, niczym drogocenne dzie\u0142a sztuki, przyci\u0105ga\u0142y spojrzenia i cz\u0119sto stawa\u0142y si\u0119 g\u0142\u00f3wnym punktem stylizacji. Oto gwiazdy, kt\u00f3re pokaza\u0142y \u017ce w modzie czasem warto postawi\u0107 na odwa\u017cny, wyrazisty akcent.<\/span><\/p>\n<figure id=\"attachment_9646\" aria-describedby=\"caption-attachment-9646\" style=\"width: 683px\" class=\"wp-caption aligncenter\"><img decoding=\"async\" class=\"wp-image-9646 size-large\" title=\"Priyanka Chopra\" src=\"https:\/\/manzuko.com\/blog\/wp-content\/uploads\/2025\/05\/GettyImages-2213634652-683x1024.webp\" alt=\"Priyanka Chopra \u2013 szmaragdowy manifest luksusu\" width=\"683\" height=\"1024\" srcset=\"https:\/\/manzuko.com\/blog\/wp-content\/uploads\/2025\/05\/GettyImages-2213634652-683x1024.webp 683w, https:\/\/manzuko.com\/blog\/wp-content\/uploads\/2025\/05\/GettyImages-2213634652-200x300.webp 200w, https:\/\/manzuko.com\/blog\/wp-content\/uploads\/2025\/05\/GettyImages-2213634652-768x1152.webp 768w, https:\/\/manzuko.com\/blog\/wp-content\/uploads\/2025\/05\/GettyImages-2213634652-1024x1536.webp 1024w, https:\/\/manzuko.com\/blog\/wp-content\/uploads\/2025\/05\/GettyImages-2213634652-1365x2048.webp 1365w, https:\/\/manzuko.com\/blog\/wp-content\/uploads\/2025\/05\/GettyImages-2213634652-850x1275.webp 850w, https:\/\/manzuko.com\/blog\/wp-content\/uploads\/2025\/05\/GettyImages-2213634652.webp 1600w\" sizes=\"(max-width: 683px) 100vw, 683px\" \/><figcaption id=\"caption-attachment-9646\" class=\"wp-caption-text\">Getty Images<\/figcaption><\/figure>\n<h3 style=\"text-align: justify;\"><span style=\"font-weight: 400;\">Priyanka Chopra \u2013 szmaragdowy manifest luksusu<\/span><\/h3>\n<p style=\"text-align: justify;\"><span style=\"font-weight: 400;\">Priyanka Chopra by\u0142a jedn\u0105 z pierwszych gwiazd, kt\u00f3re przyku\u0142y moj\u0105 uwag\u0119 na czerwonym dywanie. Jej stylizacja by\u0142a elegancka i dobrze skrojona, ale to w\u0142a\u015bnie bi\u017cuteria gra\u0142a w niej pierwsze skrzypce. <strong>Na dekolcie aktorki b\u0142yszcza\u0142 olbrzymi naszyjnik marki Bulgari, kt\u00f3rego centralnym punktem by\u0142 241-karatowy szmaragd \u2013 jeden z najwi\u0119kszych i najpi\u0119kniejszych kamieni szlachetnych, jakie kiedykolwiek widziano na Met Gali.<\/strong> Ten \u201eceg\u0142owaty\u201d klejnot nie tylko podkre\u015bla\u0142 urod\u0119 Priyanki, ale tak\u017ce dodawa\u0142 stylizacji kr\u00f3lewskiego charakteru.<\/span><\/p>\n<figure id=\"attachment_9647\" aria-describedby=\"caption-attachment-9647\" style=\"width: 776px\" class=\"wp-caption aligncenter\"><img decoding=\"async\" class=\"wp-image-9647 size-large\" title=\"Anne Hathaway\" src=\"https:\/\/manzuko.com\/blog\/wp-content\/uploads\/2025\/05\/2213040853-scaled-e1746625468327-776x1024.webp\" alt=\"Anne Hathaway \u2013 minimalizm w rozmiarze XXL\" width=\"776\" height=\"1024\" srcset=\"https:\/\/manzuko.com\/blog\/wp-content\/uploads\/2025\/05\/2213040853-scaled-e1746625468327-776x1024.webp 776w, https:\/\/manzuko.com\/blog\/wp-content\/uploads\/2025\/05\/2213040853-scaled-e1746625468327-227x300.webp 227w, https:\/\/manzuko.com\/blog\/wp-content\/uploads\/2025\/05\/2213040853-scaled-e1746625468327-768x1014.webp 768w, https:\/\/manzuko.com\/blog\/wp-content\/uploads\/2025\/05\/2213040853-scaled-e1746625468327-1164x1536.webp 1164w, https:\/\/manzuko.com\/blog\/wp-content\/uploads\/2025\/05\/2213040853-scaled-e1746625468327-1552x2048.webp 1552w, https:\/\/manzuko.com\/blog\/wp-content\/uploads\/2025\/05\/2213040853-scaled-e1746625468327-850x1122.webp 850w, https:\/\/manzuko.com\/blog\/wp-content\/uploads\/2025\/05\/2213040853-scaled-e1746625468327.webp 1707w\" sizes=\"(max-width: 776px) 100vw, 776px\" \/><figcaption id=\"caption-attachment-9647\" class=\"wp-caption-text\">Getty Images<\/figcaption><\/figure>\n<h3 style=\"text-align: justify;\"><span style=\"font-weight: 400;\">Anne Hathaway \u2013 minimalizm w rozmiarze XXL<\/span><\/h3>\n<p style=\"text-align: justify;\"><span style=\"font-weight: 400;\">Anne Hathaway postawi\u0142a na look, kt\u00f3ry na pierwszy rzut oka m\u00f3g\u0142 wydawa\u0107 si\u0119 prosty, ale to w\u0142a\u015bnie w tej prostocie tkwi\u0142a si\u0142a jej stylizacji. Bia\u0142a, klasyczna koszula, wysoko upi\u0119ty kucyk o imponuj\u0105cej obj\u0119to\u015bci i d\u0142uga, si\u0119gaj\u0105ca ziemi sp\u00f3dnica obsypana koralikami stworzy\u0142y eleganck\u0105, ale nie przesadzon\u0105 ca\u0142o\u015b\u0107.<strong> Kluczowym elementem by\u0142 jednak ogromny naszyjnik Bulgari z szafirem i diamentami, kt\u00f3ry, cho\u0107 utrzymany w klasycznej formie, dzi\u0119ki swoim rozmiarom sta\u0142 si\u0119 g\u0142\u00f3wn\u0105 ozdob\u0105 stylizacji.<\/strong> Anne udowodni\u0142a, \u017ce nawet minimalizm mo\u017ce by\u0107 spektakularny, je\u015bli postawimy na jeden, wyrazisty akcent.<\/span><\/p>\n<figure id=\"attachment_9648\" aria-describedby=\"caption-attachment-9648\" style=\"width: 1024px\" class=\"wp-caption alignnone\"><img decoding=\"async\" class=\"wp-image-9648 size-large\" title=\"Anna Wintour\" src=\"https:\/\/manzuko.com\/blog\/wp-content\/uploads\/2025\/05\/15-anna-wintour_1600-e1746625884547-1024x909.webp\" alt=\"Anna Wintour \u2013 b\u0142\u0119kitna broszka w roli g\u0142\u00f3wnej\" width=\"1024\" height=\"909\" srcset=\"https:\/\/manzuko.com\/blog\/wp-content\/uploads\/2025\/05\/15-anna-wintour_1600-e1746625884547-1024x909.webp 1024w, https:\/\/manzuko.com\/blog\/wp-content\/uploads\/2025\/05\/15-anna-wintour_1600-e1746625884547-300x266.webp 300w, https:\/\/manzuko.com\/blog\/wp-content\/uploads\/2025\/05\/15-anna-wintour_1600-e1746625884547-768x682.webp 768w, https:\/\/manzuko.com\/blog\/wp-content\/uploads\/2025\/05\/15-anna-wintour_1600-e1746625884547-850x754.webp 850w, https:\/\/manzuko.com\/blog\/wp-content\/uploads\/2025\/05\/15-anna-wintour_1600-e1746625884547.webp 1280w\" sizes=\"(max-width: 1024px) 100vw, 1024px\" \/><figcaption id=\"caption-attachment-9648\" class=\"wp-caption-text\">Getty Images<\/figcaption><\/figure>\n<h3 style=\"text-align: justify;\"><span style=\"font-weight: 400;\">Anna Wintour \u2013 b\u0142\u0119kitna broszka w roli g\u0142\u00f3wnej<\/span><\/h3>\n<p style=\"text-align: justify;\"><span style=\"font-weight: 400;\">Anna Wintour, legendarna redaktorka naczelna \u201eVogue\u2019a\u201d, jak zawsze postawi\u0142a na klasyk\u0119 z nut\u0105 ekstrawagancji. <strong>Jej stylizacj\u0119 zdobi\u0142y starannie dobrane dodatki, ale to ogromna, b\u0142\u0119kitna broszka z akwamarynem w kszta\u0142cie serca, zawieszona na diamentowej kokardzie, przyci\u0105ga\u0142a najwi\u0119cej spojrze\u0144.<\/strong> Anna Wintour po raz kolejny udowodni\u0142a, \u017ce bi\u017cuteria to nie tylko ozdoba, ale tak\u017ce spos\u00f3b na wyra\u017cenie w\u0142asnej osobowo\u015bci i stylu. Jej wyb\u00f3r by\u0142 ho\u0142dem dla klasycznej elegancji, ale z nowoczesnym, \u015bwie\u017cym twistem.<\/span><\/p>\n<figure id=\"attachment_9650\" aria-describedby=\"caption-attachment-9650\" style=\"width: 848px\" class=\"wp-caption aligncenter\"><img decoding=\"async\" class=\"wp-image-9650 size-large\" title=\"Coco Jones\" src=\"https:\/\/manzuko.com\/blog\/wp-content\/uploads\/2025\/05\/2213604132-848x1024.webp\" alt=\"Coco Jones \u2013 per\u0142y, cyrkonie i filmowy przepych\" width=\"848\" height=\"1024\" srcset=\"https:\/\/manzuko.com\/blog\/wp-content\/uploads\/2025\/05\/2213604132-848x1024.webp 848w, https:\/\/manzuko.com\/blog\/wp-content\/uploads\/2025\/05\/2213604132-249x300.webp 249w, https:\/\/manzuko.com\/blog\/wp-content\/uploads\/2025\/05\/2213604132-768x927.webp 768w, https:\/\/manzuko.com\/blog\/wp-content\/uploads\/2025\/05\/2213604132-1273x1536.webp 1273w, https:\/\/manzuko.com\/blog\/wp-content\/uploads\/2025\/05\/2213604132-850x1026.webp 850w, https:\/\/manzuko.com\/blog\/wp-content\/uploads\/2025\/05\/2213604132.webp 1600w\" sizes=\"(max-width: 848px) 100vw, 848px\" \/><figcaption id=\"caption-attachment-9650\" class=\"wp-caption-text\">Getty Images<\/figcaption><\/figure>\n<h3 style=\"text-align: justify;\"><span style=\"font-weight: 400;\">Coco Jones \u2013 per\u0142y, cyrkonie i filmowy przepych<\/span><\/h3>\n<p style=\"text-align: justify;\"><span style=\"font-weight: 400;\">Coco Jones, znana z roli w serialu \u201eBel-Air\u201d oraz swojej muzycznej kariery, pojawi\u0142a si\u0119 na gali w kreacji Manisha Malhotry, kt\u00f3ra by\u0142a prawdziwym dzie\u0142em sztuki. <strong>Suknia bogato wyszywana per\u0142ami i cyrkoniami przyci\u0105ga\u0142a wzrok z daleka, a dope\u0142nieniem ca\u0142o\u015bci by\u0142a masywna kolia i efektowne kolczyki, kt\u00f3re podkre\u015bla\u0142y filmowy przepych stylizacji.<\/strong> Coco nie ba\u0142a si\u0119 postawi\u0107 na maksymalizm, a taki wyb\u00f3r z pewno\u015bci\u0105 wymaga odwagi. Efekt by\u0142 naprawd\u0119 spektakularny i zas\u0142u\u017cy\u0142 na miejsce w\u015br\u00f3d najpi\u0119kniejszych bi\u017cuteryjnych stylizacji tej gali.<\/span><\/p>\n<h2 style=\"text-align: justify;\"><b>Wi\u0119cej znaczy wi\u0119cej \u2013 bi\u017cuteryjna obfito\u015b\u0107 Met Gali 2025<\/b><\/h2>\n<p style=\"text-align: justify;\"><span style=\"font-weight: 400;\">Tegoroczna Met Gala udowodni\u0142a, \u017ce czasem wi\u0119cej naprawd\u0119 znaczy lepiej. Na czerwonym dywanie kr\u00f3lowa\u0142y nie tylko pojedyncze, spektakularne kamienie, ale tak\u017ce mnogo\u015b\u0107 \u0142a\u0144cuch\u00f3w, warstwowanych dodatk\u00f3w i koralik\u00f3w, kt\u00f3re zdobi\u0142y zar\u00f3wno bi\u017cuteri\u0119, jak i same ubrania. Ten trend by\u0142 widoczny w stylizacjach wielu gwiazd, kt\u00f3re postawi\u0142y na bogactwo form i faktur, tworz\u0105c efektowne, wielowymiarowe kompozycje. Bi\u017cuteria nie by\u0142a ju\u017c tylko subtelnym dodatkiem, ale integraln\u0105 cz\u0119\u015bci\u0105 ca\u0142ego looku, cz\u0119sto graj\u0105c\u0105 pierwsze skrzypce.<\/span><\/p>\n<figure id=\"attachment_9652\" aria-describedby=\"caption-attachment-9652\" style=\"width: 683px\" class=\"wp-caption aligncenter\"><img decoding=\"async\" class=\"wp-image-9652 size-large\" title=\"Kim Kardashian\" src=\"https:\/\/manzuko.com\/blog\/wp-content\/uploads\/2025\/05\/gettyimages-2213620098-68195e8c443f8-683x1024.jpg\" alt=\"Kim Kardashian \u2013 \u0142a\u0144cuch na biodrach jako manifest stylu\" width=\"683\" height=\"1024\" srcset=\"https:\/\/manzuko.com\/blog\/wp-content\/uploads\/2025\/05\/gettyimages-2213620098-68195e8c443f8-683x1024.jpg 683w, https:\/\/manzuko.com\/blog\/wp-content\/uploads\/2025\/05\/gettyimages-2213620098-68195e8c443f8-200x300.jpg 200w, https:\/\/manzuko.com\/blog\/wp-content\/uploads\/2025\/05\/gettyimages-2213620098-68195e8c443f8-768x1152.jpg 768w, https:\/\/manzuko.com\/blog\/wp-content\/uploads\/2025\/05\/gettyimages-2213620098-68195e8c443f8-850x1275.jpg 850w, https:\/\/manzuko.com\/blog\/wp-content\/uploads\/2025\/05\/gettyimages-2213620098-68195e8c443f8.avif 980w\" sizes=\"(max-width: 683px) 100vw, 683px\" \/><figcaption id=\"caption-attachment-9652\" class=\"wp-caption-text\">Getty Images<\/figcaption><\/figure>\n<h3 style=\"text-align: justify;\"><span style=\"font-weight: 400;\">Kim Kardashian \u2013 \u0142a\u0144cuch na biodrach jako manifest stylu<\/span><\/h3>\n<p style=\"text-align: justify;\"><span style=\"font-weight: 400;\">Kim Kardashian na czerwonym dywanie Met Gali 2025 po raz kolejny udowodni\u0142a, \u017ce potrafi \u0142\u0105czy\u0107 wyraziste trendy z w\u0142asnym, niepowtarzalnym stylem. W tym roku postawi\u0142a na zestaw od Chrome Hearts<strong>. Dopasowany, czarny, krokodylowy gorset i sp\u00f3dnic\u0119 z efektownym trenem, kt\u00f3re idealnie wpisywa\u0142y si\u0119 w klimat \u201erockowej elegancji\u201d tej marki.<\/strong> Ca\u0142o\u015b\u0107 uzupe\u0142ni\u0142a wysokim czarnym kapeluszem w stylu kowbojskim, co nawi\u0105zywa\u0142o do silnego trendu westernowego obecnego w modzie w tym sezonie.<\/span><\/p>\n<p style=\"text-align: justify;\"><span style=\"font-weight: 400;\">Jednak to nie sam str\u00f3j, a bi\u017cuteryjne dodatki przyci\u0105ga\u0142y najwi\u0119ksz\u0105 uwag\u0119, szczeg\u00f3lnie masywny per\u0142owy \u0142a\u0144cuch, kt\u00f3ry przechodzi\u0142 przez prz\u00f3d i ty\u0142 sp\u00f3dnicy.<strong> Ten efektowny element nie tylko podkre\u015bli\u0142 tali\u0119 Kim, ale te\u017c doskonale wpisa\u0142 si\u0119 w jeden z najwa\u017cniejszych motyw\u00f3w tegorocznej gali.<\/strong> \u0141a\u0144cuchy zdobi\u0105ce marynarki, spodnie i inne cz\u0119\u015bci garderoby, pojawia\u0142y si\u0119 na czerwonym dywanie w najr\u00f3\u017cniejszych interpretacjach. <strong>Kim zestawi\u0142a ten wyrazisty \u0142a\u0144cuch z warstwami diamentowych naszyjnik\u00f3w i kolczyk\u00f3w od Moussaieff, kt\u00f3re dodawa\u0142y stylizacji blasku i luksusu.<\/strong> D\u0142ugie, mi\u0119kkie fale w\u0142os\u00f3w dodawa\u0142y ca\u0142o\u015bci kobiecego uroku i kontrastowa\u0142y z ostrym charakterem sk\u00f3rzanego zestawu.<\/span><\/p>\n<figure id=\"attachment_9653\" aria-describedby=\"caption-attachment-9653\" style=\"width: 1280px\" class=\"wp-caption aligncenter\"><img decoding=\"async\" class=\"wp-image-9653 size-full\" title=\"Teyana Taylor\" src=\"https:\/\/manzuko.com\/blog\/wp-content\/uploads\/2025\/05\/8-304-teyana-taylor_1600-e1746679004401.webp\" alt=\"Teyana Taylor \u2013 kaskada \u0142a\u0144cuch\u00f3w i mocne dodatki\" width=\"1280\" height=\"1562\" srcset=\"https:\/\/manzuko.com\/blog\/wp-content\/uploads\/2025\/05\/8-304-teyana-taylor_1600-e1746679004401.webp 1280w, https:\/\/manzuko.com\/blog\/wp-content\/uploads\/2025\/05\/8-304-teyana-taylor_1600-e1746679004401-246x300.webp 246w, https:\/\/manzuko.com\/blog\/wp-content\/uploads\/2025\/05\/8-304-teyana-taylor_1600-e1746679004401-839x1024.webp 839w, https:\/\/manzuko.com\/blog\/wp-content\/uploads\/2025\/05\/8-304-teyana-taylor_1600-e1746679004401-768x937.webp 768w, https:\/\/manzuko.com\/blog\/wp-content\/uploads\/2025\/05\/8-304-teyana-taylor_1600-e1746679004401-1259x1536.webp 1259w, https:\/\/manzuko.com\/blog\/wp-content\/uploads\/2025\/05\/8-304-teyana-taylor_1600-e1746679004401-850x1037.webp 850w\" sizes=\"(max-width: 1280px) 100vw, 1280px\" \/><figcaption id=\"caption-attachment-9653\" class=\"wp-caption-text\">Getty Images<\/figcaption><\/figure>\n<h3 style=\"text-align: justify;\"><span style=\"font-weight: 400;\">Teyana Taylor \u2013 kaskada \u0142a\u0144cuch\u00f3w i mocne dodatki<\/span><\/h3>\n<p style=\"text-align: justify;\"><span style=\"font-weight: 400;\">Teyana Taylor udowodni\u0142a, \u017ce bi\u017cuteria na Met Gali mo\u017ce by\u0107 nie tylko elegancka, ale tak\u017ce odwa\u017cna, pe\u0142na symboliki i energii. Jej stylizacja by\u0142a ho\u0142dem dla czarnej kultury i mody. <strong>Jej ubrania zdobi\u0142y liczne \u0142a\u0144cuchy \u2013 przy spodniach, p\u0142aszczu i kamizelce, kt\u00f3re tworzy\u0142y efekt kaskady i dodawa\u0142y ca\u0142o\u015bci rockowego charakteru.<\/strong> Do tego ameryka\u0144ska piosenkarka wybra\u0142a bogate, wyraziste dodatki. <strong>Jej trzycz\u0119\u015bciowy garnitur uzupe\u0142nia\u0142y naszyjniki, broszki i \u0142a\u0144cuchy, a tak\u017ce barwna bi\u017cuteria.<\/strong> Dodatki wykonane by\u0142y z bia\u0142ego z\u0142ota, srebra i diament\u00f3w, oraz z platyny wysadzanej rubinami i onyksami.<\/span><\/p>\n<p style=\"text-align: justify;\"><span style=\"font-weight: 400;\">Ca\u0142o\u015b\u0107 stylizacji podkre\u015bla\u0142a historyczne inspiracje. Burgundowa peleryna z haftem \u201eHarlem Rose\u201d, satynowe r\u00f3\u017ce i kryszta\u0142owe aplikacje na plecach nawi\u0105zywa\u0142y do jej utworu \u201eRose in Harlem\u201d oraz do dziedzictwa Harlem Renaissance. Ostateczny efekt dope\u0142nia\u0142y: burgundowy cylinder z pi\u00f3rem, sk\u00f3rzane r\u0119kawiczki i laska.<strong> Te dodatki w po\u0142\u0105czeniu z bi\u017cuteri\u0105 stworzy\u0142y jeden z najbardziej zapadaj\u0105cych w pami\u0119\u0107 look\u00f3w wieczoru.<\/strong><\/span><\/p>\n<figure id=\"attachment_9654\" aria-describedby=\"caption-attachment-9654\" style=\"width: 980px\" class=\"wp-caption aligncenter\"><img decoding=\"async\" class=\"wp-image-9654 size-full\" title=\"Isha M. Ambani\" src=\"https:\/\/manzuko.com\/blog\/wp-content\/uploads\/2025\/05\/d1bbb369-b72c-47be-beca-1c5c1b41a11c.avif\" alt=\"Isha M. Ambani \u2013 tradycja i nowoczesno\u015b\u0107 w jednym\" width=\"980\" height=\"653\" srcset=\"https:\/\/manzuko.com\/blog\/wp-content\/uploads\/2025\/05\/d1bbb369-b72c-47be-beca-1c5c1b41a11c.avif 980w, https:\/\/manzuko.com\/blog\/wp-content\/uploads\/2025\/05\/d1bbb369-b72c-47be-beca-1c5c1b41a11c-300x200.jpg 300w, https:\/\/manzuko.com\/blog\/wp-content\/uploads\/2025\/05\/d1bbb369-b72c-47be-beca-1c5c1b41a11c-768x512.jpg 768w, https:\/\/manzuko.com\/blog\/wp-content\/uploads\/2025\/05\/d1bbb369-b72c-47be-beca-1c5c1b41a11c-850x566.jpg 850w\" sizes=\"(max-width: 980px) 100vw, 980px\" \/><figcaption id=\"caption-attachment-9654\" class=\"wp-caption-text\">Getty Images<\/figcaption><\/figure>\n<h3 style=\"text-align: justify;\"><span style=\"font-weight: 400;\">Isha M. Ambani \u2013 tradycja i nowoczesno\u015b\u0107 w jednym<\/span><\/h3>\n<p style=\"text-align: justify;\"><span style=\"font-weight: 400;\">Isha M Ambani, indyjska bizneswoman i filantropka jest znana z zami\u0142owania do mody oraz wyj\u0105tkowej bi\u017cuterii.<strong> Na Met Gali 2025 zachwyci\u0142a kreacj\u0105 Anamiki Khanny \u2013 bia\u0142a, r\u0119cznie haftowana peleryna i czarne spodnie by\u0142y bogato zdobione koralikami oraz per\u0142owymi aplikacjami, kt\u00f3re podkre\u015bla\u0142y kunszt indyjskiego rzemios\u0142a.<\/strong><\/span><\/p>\n<p style=\"text-align: justify;\"><span style=\"font-weight: 400;\"><strong>Najwi\u0119ksz\u0105 uwag\u0119 przyci\u0105ga\u0142 jednak naszyjnik \u2013 wierna replika s\u0142ynnej koli z filmu \u201eOcean\u2019s 8\u201d.<\/strong> Ten spektakularny klejnot, nale\u017c\u0105cy do jej matki, jest nie tylko symbolem luksusu, ale tak\u017ce kinowym nawi\u0105zaniem do historii Met Gali. Isha mia\u0142a na sobie r\u00f3wnie\u017c wielorz\u0119dowy naszyjnik z pere\u0142, kt\u00f3ry pi\u0119knie wsp\u00f3\u0142gra\u0142 z per\u0142owymi aplikacjami na jej pelerynie. Dzi\u0119ki tak przemy\u015blanym detalom Ambani potwierdzi\u0142a, \u017ce potrafi stworzy\u0107 prawdziwie historyczny moment, \u0142\u0105cz\u0105c mod\u0119, kino i tradycj\u0119 w niezapomnian\u0105 ca\u0142o\u015b\u0107.<\/span><\/p>\n<figure id=\"attachment_9655\" aria-describedby=\"caption-attachment-9655\" style=\"width: 1280px\" class=\"wp-caption aligncenter\"><img decoding=\"async\" class=\"wp-image-9655 size-full\" title=\"Colman Domingo \" src=\"https:\/\/manzuko.com\/blog\/wp-content\/uploads\/2025\/05\/2-304-colman-domingo_1600.webp\" alt=\"Colman Domingo \u2013 kr\u00f3lewski b\u0142\u0119kit i diamentowy \u201eIceberg\u201d od Boucheron\" width=\"1280\" height=\"1921\" srcset=\"https:\/\/manzuko.com\/blog\/wp-content\/uploads\/2025\/05\/2-304-colman-domingo_1600.webp 1280w, https:\/\/manzuko.com\/blog\/wp-content\/uploads\/2025\/05\/2-304-colman-domingo_1600-200x300.webp 200w, https:\/\/manzuko.com\/blog\/wp-content\/uploads\/2025\/05\/2-304-colman-domingo_1600-682x1024.webp 682w, https:\/\/manzuko.com\/blog\/wp-content\/uploads\/2025\/05\/2-304-colman-domingo_1600-768x1153.webp 768w, https:\/\/manzuko.com\/blog\/wp-content\/uploads\/2025\/05\/2-304-colman-domingo_1600-1023x1536.webp 1023w, https:\/\/manzuko.com\/blog\/wp-content\/uploads\/2025\/05\/2-304-colman-domingo_1600-850x1276.webp 850w\" sizes=\"(max-width: 1280px) 100vw, 1280px\" \/><figcaption id=\"caption-attachment-9655\" class=\"wp-caption-text\">Getty Images<\/figcaption><\/figure>\n<h3 style=\"text-align: justify;\"><span style=\"font-weight: 400;\">Colman Domingo \u2013 kr\u00f3lewski b\u0142\u0119kit i diamentowy \u201eIceberg\u201d od Boucheron<\/span><\/h3>\n<p style=\"text-align: justify;\"><span style=\"font-weight: 400;\">Colman Domingo zazwyczaj zachwyca mnie swoimi stylizacjami i niejednokrotnie trafia na listy najlepiej ubranych. Dlatego od wsp\u00f3\u0142gospodarza Met Gali spodziewa\u0142am si\u0119 po nim czego\u015b naprawd\u0119 prze\u0142omowego w kontek\u015bcie ca\u0142ego looku. Tym razem jednak jego str\u00f3j nie do ko\u0144ca spe\u0142ni\u0142 moje wysokie oczekiwania, cho\u0107 nie mo\u017cna mu odm\u00f3wi\u0107 udanego doboru bi\u017cuterii. <strong>Domingo postawi\u0142 na wyj\u0105tkowy naszyjnik \u201eIceberg\u201d z kolekcji Boucheron Carte Blanche, Or Bleu.<\/strong> Wielkie \u0142zy wykonane z kryszta\u0142u g\u00f3rskiego i wysadzane diamentami osadzonymi w bia\u0142ym z\u0142ocie sp\u0142ywa\u0142y z ramion na tors aktora niczym topniej\u0105cy lodowiec.<strong> Ca\u0142o\u015b\u0107 dope\u0142ni\u0142y diamentowe pier\u015bcionki, efektowny ear climber oraz asymetryczne kolczyki, r\u00f3wnie\u017c od Boucheron.<\/strong><\/span><\/p>\n<figure id=\"attachment_9656\" aria-describedby=\"caption-attachment-9656\" style=\"width: 683px\" class=\"wp-caption alignnone\"><img decoding=\"async\" class=\"wp-image-9656 size-large\" title=\"Diljit Dosanjh \" src=\"https:\/\/manzuko.com\/blog\/wp-content\/uploads\/2025\/05\/119-diljit-dosanjh_1600-683x1024.webp\" alt=\"Diljit Dosanjh \u2013 indyjski blask i scena\" width=\"683\" height=\"1024\" srcset=\"https:\/\/manzuko.com\/blog\/wp-content\/uploads\/2025\/05\/119-diljit-dosanjh_1600-683x1024.webp 683w, https:\/\/manzuko.com\/blog\/wp-content\/uploads\/2025\/05\/119-diljit-dosanjh_1600-200x300.webp 200w, https:\/\/manzuko.com\/blog\/wp-content\/uploads\/2025\/05\/119-diljit-dosanjh_1600-768x1152.webp 768w, https:\/\/manzuko.com\/blog\/wp-content\/uploads\/2025\/05\/119-diljit-dosanjh_1600-1024x1536.webp 1024w, https:\/\/manzuko.com\/blog\/wp-content\/uploads\/2025\/05\/119-diljit-dosanjh_1600-850x1275.webp 850w, https:\/\/manzuko.com\/blog\/wp-content\/uploads\/2025\/05\/119-diljit-dosanjh_1600.webp 1280w\" sizes=\"(max-width: 683px) 100vw, 683px\" \/><figcaption id=\"caption-attachment-9656\" class=\"wp-caption-text\">Getty Images<\/figcaption><\/figure>\n<h3 style=\"text-align: justify;\"><span style=\"font-weight: 400;\">Diljit Dosanjh \u2013 indyjski blask i scena<\/span><\/h3>\n<p style=\"text-align: justify;\"><span style=\"font-weight: 400;\">Diljit Dosanjh podczas swojego debiutu na Met Gali 2025 postawi\u0142 na look inspirowany dziedzictwem Maharad\u017cy Bhupindera Singha z Patiali. Piosenkarz zaprezentowa\u0142 si\u0119 w kr\u00f3lewskiej, haftowanej kreacji Prabala Gurunga i niezwykle bogatych dodatkach. Najbardziej spektakularnym elementem stylizacji aktora by\u0142 wielowarstwowy naszyjnik inspirowany legendarn\u0105 koli\u0105 Patiala Necklace. <strong>Centralnym punktem by\u0142 imponuj\u0105cy szmaragd o masie blisko 130 karat\u00f3w.<\/strong> <strong>Ca\u0142o\u015b\u0107 uzupe\u0142nia\u0142y turmaliny oraz dodatkowy choker ze spinelami i szmaragdowy naszyjnik, kt\u00f3re razem tworzy\u0142y wielowarstwow\u0105 kompozycj\u0119.<\/strong><\/span><\/p>\n<p style=\"text-align: justify;\"><span style=\"font-weight: 400;\">Diljit dope\u0142ni\u0142 sw\u00f3j kr\u00f3lewski wizerunek turbanem ozdobionym klejnotami i pi\u00f3rem, ceremonialnym kirpanem z lwi\u0105 g\u0142ow\u0105. <strong>Jego nadgarstki zdobi\u0142y bransoleta Cartier w kszta\u0142cie tygrysa i zegarek od Cartier.<\/strong> Pomimo \u017ce oryginalna kolia Patiala nie mog\u0142a zosta\u0107 u\u017cyta ze wzgl\u0119du na swoj\u0105 warto\u015b\u0107 i muzealny status, Diljit zdo\u0142a\u0142 odda\u0107 ho\u0142d historii i pokaza\u0107, jak bi\u017cuteria mo\u017ce by\u0107 manifestem kultury i to\u017csamo\u015bci.<\/span><\/p>\n<h2 style=\"text-align: justify;\"><b>MET gala 2025 Poza trendami \u2013 wyj\u0105tkowe podej\u015bcie do bi\u017cuterii<\/b><\/h2>\n<p style=\"text-align: justify;\"><span style=\"font-weight: 400;\">Nie wszystkie gwiazdy zdecydowa\u0142y si\u0119 pod\u0105\u017ca\u0107 za g\u0142\u00f3wnymi trendami \u2013 niekt\u00f3rzy postawili na bi\u017cuteri\u0119, kt\u00f3ra wymyka\u0142a si\u0119 wszelkim schematom. Takie wybory zawsze przyci\u0105gaj\u0105 uwag\u0119, bo pokazuj\u0105, \u017ce moda to przede wszystkim wolno\u015b\u0107 wyra\u017cania siebie i odwaga w eksperymentowaniu. Poni\u017cej przedstawiam cztery osobowo\u015bci, kt\u00f3re dzi\u0119ki oryginalnej bi\u017cuterii zapisa\u0142y si\u0119 w pami\u0119ci widz\u00f3w.<\/span><\/p>\n<figure id=\"attachment_9657\" aria-describedby=\"caption-attachment-9657\" style=\"width: 1600px\" class=\"wp-caption aligncenter\"><img decoding=\"async\" class=\"wp-image-9657 size-full\" title=\"Lauryn Hill\" src=\"https:\/\/manzuko.com\/blog\/wp-content\/uploads\/2025\/05\/lauren-hill-main.webp\" alt=\"Lauryn Hill \u2013 artystyczna niezale\u017cno\u015b\u0107 w formie\" width=\"1600\" height=\"1067\" srcset=\"https:\/\/manzuko.com\/blog\/wp-content\/uploads\/2025\/05\/lauren-hill-main.webp 1600w, https:\/\/manzuko.com\/blog\/wp-content\/uploads\/2025\/05\/lauren-hill-main-300x200.webp 300w, https:\/\/manzuko.com\/blog\/wp-content\/uploads\/2025\/05\/lauren-hill-main-1024x683.webp 1024w, https:\/\/manzuko.com\/blog\/wp-content\/uploads\/2025\/05\/lauren-hill-main-768x512.webp 768w, https:\/\/manzuko.com\/blog\/wp-content\/uploads\/2025\/05\/lauren-hill-main-1536x1024.webp 1536w, https:\/\/manzuko.com\/blog\/wp-content\/uploads\/2025\/05\/lauren-hill-main-850x567.webp 850w\" sizes=\"(max-width: 1600px) 100vw, 1600px\" \/><figcaption id=\"caption-attachment-9657\" class=\"wp-caption-text\">Getty Images<\/figcaption><\/figure>\n<h3 style=\"text-align: justify;\"><span style=\"font-weight: 400;\">Lauryn Hill \u2013 artystyczna niezale\u017cno\u015b\u0107 w formie<\/span><\/h3>\n<p style=\"text-align: justify;\"><span style=\"font-weight: 400;\">Lauryn Hill, ikona muzyki i stylu, wybra\u0142a bi\u017cuteri\u0119, kt\u00f3ra by\u0142a r\u00f3wnie wyj\u0105tkowa, co jej osobowo\u015b\u0107. Ozdoby, kt\u00f3re wybra\u0142a, wyr\u00f3\u017cnia\u0142y si\u0119 nietypowymi formami i odwa\u017cnymi po\u0142\u0105czeniami materia\u0142\u00f3w, co sprawi\u0142o, \u017ce jej look by\u0142 nie do podrobienia. Bi\u017cuteria Lauryn Hill na Met Gali 2025 zosta\u0142a wykonana <strong>z ze z\u0142ota i bursztynu<\/strong>. <strong>Jej g\u0142\u00f3wnymi elementami by\u0142y masywny bursztynowy naszyjnik w kszta\u0142cie du\u017cej \u0142zy oraz z\u0142ote kolczyki i pier\u015bcie\u0144 o organicznych, rze\u017abiarskich formach.<\/strong> Lauryn nie ba\u0142a si\u0119 eksperymentowa\u0107 \u2013 jej bi\u017cuteria by\u0142a manifestem artystycznej niezale\u017cno\u015bci i dowodem na to, \u017ce warto by\u0107 wiernym sobie.<\/span><\/p>\n<figure id=\"attachment_9658\" aria-describedby=\"caption-attachment-9658\" style=\"width: 682px\" class=\"wp-caption aligncenter\"><img decoding=\"async\" class=\"wp-image-9658 size-large\" title=\"Alton Mason \" src=\"https:\/\/manzuko.com\/blog\/wp-content\/uploads\/2025\/05\/85-alton-mason_1600-682x1024.webp\" alt=\"Alton Mason \u2013 grill i opaska na oko\" width=\"682\" height=\"1024\" srcset=\"https:\/\/manzuko.com\/blog\/wp-content\/uploads\/2025\/05\/85-alton-mason_1600-682x1024.webp 682w, https:\/\/manzuko.com\/blog\/wp-content\/uploads\/2025\/05\/85-alton-mason_1600-200x300.webp 200w, https:\/\/manzuko.com\/blog\/wp-content\/uploads\/2025\/05\/85-alton-mason_1600-768x1153.webp 768w, https:\/\/manzuko.com\/blog\/wp-content\/uploads\/2025\/05\/85-alton-mason_1600-1023x1536.webp 1023w, https:\/\/manzuko.com\/blog\/wp-content\/uploads\/2025\/05\/85-alton-mason_1600-850x1276.webp 850w, https:\/\/manzuko.com\/blog\/wp-content\/uploads\/2025\/05\/85-alton-mason_1600.webp 1280w\" sizes=\"(max-width: 682px) 100vw, 682px\" \/><figcaption id=\"caption-attachment-9658\" class=\"wp-caption-text\">Getty Images<\/figcaption><\/figure>\n<h3 style=\"text-align: justify;\"><span style=\"font-weight: 400;\">Alton Mason \u2013 grill i opaska na oko<\/span><\/h3>\n<p style=\"text-align: justify;\"><span class=\"yoast-text-mark\">Alton Mason, jeden z najbardziej rozpoznawalnych modeli i aktor\u00f3w m\u0142odego pokolenia, na Met Gali 2025 po raz kolejny udowodni\u0142, \u017ce moda jest dla niego polem do kreatywnych eksperyment\u00f3w i manifestowania w\u0142asnej to\u017csamo\u015bci. <\/span><span style=\"font-weight: 400;\">Supermodel postanowi\u0142 wpisa\u0107 si\u0119 w ma\u0142y, ale wyr\u00f3\u017cniaj\u0105cy si\u0119 na Met Gali trend \u2013 grill, czyli ozdob\u0119 na z\u0119by. <strong>Najbardziej charakterystycznym dodatkiem by\u0142a jednak po\u0142yskuj\u0105ca, srebrna opaska na oko,<\/strong> inspirowana zar\u00f3wno hip-hopowym stylem Slick Ricka, jak i postaciami z anime \u201eJoJo\u2019s Bizarre Adventure\u201d \u2013 sam Mason przyzna\u0142, \u017ce to jego ulubiona seria, a wyci\u0119cie w kszta\u0142cie serca na marynarce nawi\u0105zywa\u0142o do bohatera Giorno Giovanny. <strong>W\u015br\u00f3d jego dodatk\u00f3w znalaz\u0142y si\u0119 tak\u017ce ozdobne pier\u015bcienie, srebrne kolczyki oraz po\u0142yskuj\u0105ce, wysokie buty na obcasie. Jego look by\u0142 jednym z najbardziej oryginalnych tego wieczoru.<\/strong><\/span><\/p>\n<figure id=\"attachment_9659\" aria-describedby=\"caption-attachment-9659\" style=\"width: 1024px\" class=\"wp-caption alignnone\"><img decoding=\"async\" class=\"wp-image-9659 size-large\" title=\"Whoopi Goldberg\" src=\"https:\/\/manzuko.com\/blog\/wp-content\/uploads\/2025\/05\/266-whoopi-goldberg_1600-e1746684583639-1024x984.webp\" alt=\"Whoopi Goldberg \u2013 pier\u015bcienie jak dzie\u0142a sztuki\" width=\"1024\" height=\"984\" srcset=\"https:\/\/manzuko.com\/blog\/wp-content\/uploads\/2025\/05\/266-whoopi-goldberg_1600-e1746684583639-1024x984.webp 1024w, https:\/\/manzuko.com\/blog\/wp-content\/uploads\/2025\/05\/266-whoopi-goldberg_1600-e1746684583639-300x288.webp 300w, https:\/\/manzuko.com\/blog\/wp-content\/uploads\/2025\/05\/266-whoopi-goldberg_1600-e1746684583639-768x738.webp 768w, https:\/\/manzuko.com\/blog\/wp-content\/uploads\/2025\/05\/266-whoopi-goldberg_1600-e1746684583639-850x817.webp 850w, https:\/\/manzuko.com\/blog\/wp-content\/uploads\/2025\/05\/266-whoopi-goldberg_1600-e1746684583639.webp 1280w\" sizes=\"(max-width: 1024px) 100vw, 1024px\" \/><figcaption id=\"caption-attachment-9659\" class=\"wp-caption-text\">Getty Images<\/figcaption><\/figure>\n<h3 style=\"text-align: justify;\"><span style=\"font-weight: 400;\">Whoopi Goldberg \u2013 pier\u015bcienie jak dzie\u0142a sztuki<\/span><\/h3>\n<p style=\"text-align: justify;\"><span style=\"font-weight: 400;\">Whoopi Goldberg, aktorka o niepowtarzalnym stylu, postawi\u0142a na niecodzienne ozdoby. Najwi\u0119ksz\u0105 uwag\u0119 przyci\u0105ga\u0142y jej d\u0142onie.<\/span><strong>\u00a0Aktorka zdecydowa\u0142a si\u0119 na zestaw r\u0119cznie wykonanych, z\u0142otych finger caps, kt\u00f3re zakrywa\u0142y ko\u0144c\u00f3wki wszystkich palc\u00f3w. <\/strong>Towarzyszy\u0142y im masywne pier\u015bcienie wysadzane kamieniami szlachetnymi. <strong>Zielone turmaliny, diamenty, tanzanity, granaty oraz purpurowe szafiry tworzy\u0142y razem niezwykle barwn\u0105 i eklektyczn\u0105 kompozycj\u0119.<\/strong> Kolorowe dodatki doskonale kontrastowa\u0142y z monochromatycznym strojem. Poza bi\u017cuteri\u0105 na palcach, Whoopi mia\u0142a na sobie proste kolczyki ko\u0142a i z\u0142oty \u0142a\u0144cuch przewieszony przez ko\u0142nierz przypi\u0119ty na brosz\u0119 w kszta\u0142cie klucza. Broszka ozdobiona by\u0142a czarnym opalem, niebieskimi i bia\u0142ymi diamentami, kt\u00f3re dodawa\u0142y stylizacji wyrafinowanego blasku.<\/p>\n<figure id=\"attachment_9660\" aria-describedby=\"caption-attachment-9660\" style=\"width: 1024px\" class=\"wp-caption aligncenter\"><img decoding=\"async\" class=\"wp-image-9660 size-large\" title=\"Zendaya\" src=\"https:\/\/manzuko.com\/blog\/wp-content\/uploads\/2025\/05\/gettyimages-2213624689-1024x682.webp\" alt=\"Zendaya \u2013 broszka na plecach\" width=\"1024\" height=\"682\" srcset=\"https:\/\/manzuko.com\/blog\/wp-content\/uploads\/2025\/05\/gettyimages-2213624689-1024x682.webp 1024w, https:\/\/manzuko.com\/blog\/wp-content\/uploads\/2025\/05\/gettyimages-2213624689-300x200.webp 300w, https:\/\/manzuko.com\/blog\/wp-content\/uploads\/2025\/05\/gettyimages-2213624689-768x512.webp 768w, https:\/\/manzuko.com\/blog\/wp-content\/uploads\/2025\/05\/gettyimages-2213624689-1536x1023.webp 1536w, https:\/\/manzuko.com\/blog\/wp-content\/uploads\/2025\/05\/gettyimages-2213624689-850x566.webp 850w, https:\/\/manzuko.com\/blog\/wp-content\/uploads\/2025\/05\/gettyimages-2213624689.webp 1600w\" sizes=\"(max-width: 1024px) 100vw, 1024px\" \/><figcaption id=\"caption-attachment-9660\" class=\"wp-caption-text\">Getty Images<\/figcaption><\/figure>\n<h3 style=\"text-align: justify;\"><span style=\"font-weight: 400;\">Zendaya \u2013 broszka na plecach<\/span><\/h3>\n<p style=\"text-align: justify;\"><span style=\"font-weight: 400;\">Zendaya, jedna z najwi\u0119kszych ikon wsp\u00f3\u0142czesnej mody, tym razem postawi\u0142a na minimalizm, ale z niezwyk\u0142ym twistem. Cho\u0107 za\u0142o\u017cy\u0142a niewiele bi\u017cuterii, to umieszczenie broszki by\u0142o zaskakuj\u0105cym i zachwycaj\u0105cym akcentem, kt\u00f3ry przyci\u0105ga\u0142 wzrok i dodawa\u0142 stylizacji niepowtarzalnego charakteru. <\/span><span style=\"font-weight: 400;\"><strong>Aktorka wybra\u0142a broszk\u0119 Bulgari Serpent i z bia\u0142ych diament\u00f3w, kt\u00f3r\u0105 przypi\u0119to nietypowo \u2013 na \u015brodku tylnego szwu marynarki tu\u017c pod ko\u0142nierzem.<\/strong> Perfekcyjnie zakr\u0119cona forma i subtelny blask ozdoby stanowi\u0142y jeden z najbardziej zapadaj\u0105cych w pami\u0119\u0107 bi\u017cuteryjnych akcent\u00f3w wieczoru. Zendaya na przek\u00f3r panuj\u0105cemu na gali trendowi udowodni\u0142a, \u017ce czasem mniej znaczy wi\u0119cej. Wystarczy\u0142 jeden, dobrze przemy\u015blany detal, by ca\u0142o\u015b\u0107 nabra\u0142a wyj\u0105tkowego wyrazu.<\/span><\/p>\n<h2 style=\"text-align: justify;\"><b>Met Gala 2025 i Kreacje ociekaj\u0105ce koralikami<\/b><\/h2>\n<p style=\"text-align: justify;\"><span style=\"font-weight: 400;\">Koraliki i cyrkonie pojawia\u0142y si\u0119 na Gali nie tylko w bi\u017cuterii, ale tak\u017ce jako integralna cz\u0119\u015b\u0107 samych kreacji. Ten trend, ku mojej ogromnej uciesze, by\u0142 wszechobecny i sprawi\u0142, \u017ce wiele stylizacji nabra\u0142o niemal magicznego charakteru. Koraliki dodawa\u0142y blasku, ruchu i lekko\u015bci, a jednocze\u015bnie pozwala\u0142y na tworzenie niezwykle efektownych kompozycji.<\/span><\/p>\n<figure id=\"attachment_9661\" aria-describedby=\"caption-attachment-9661\" style=\"width: 1024px\" class=\"wp-caption aligncenter\"><img decoding=\"async\" class=\"wp-image-9661 size-large\" title=\"Ciara \" src=\"https:\/\/manzuko.com\/blog\/wp-content\/uploads\/2025\/05\/143-russell-wilson-and-ciara_1600-e1746684881650-1024x804.webp\" alt=\"Ciara \u2013 b\u0142yszcz\u0105ca elegancja\" width=\"1024\" height=\"804\" srcset=\"https:\/\/manzuko.com\/blog\/wp-content\/uploads\/2025\/05\/143-russell-wilson-and-ciara_1600-e1746684881650-1024x804.webp 1024w, https:\/\/manzuko.com\/blog\/wp-content\/uploads\/2025\/05\/143-russell-wilson-and-ciara_1600-e1746684881650-300x236.webp 300w, https:\/\/manzuko.com\/blog\/wp-content\/uploads\/2025\/05\/143-russell-wilson-and-ciara_1600-e1746684881650-768x603.webp 768w, https:\/\/manzuko.com\/blog\/wp-content\/uploads\/2025\/05\/143-russell-wilson-and-ciara_1600-e1746684881650-850x667.webp 850w, https:\/\/manzuko.com\/blog\/wp-content\/uploads\/2025\/05\/143-russell-wilson-and-ciara_1600-e1746684881650.webp 1280w\" sizes=\"(max-width: 1024px) 100vw, 1024px\" \/><figcaption id=\"caption-attachment-9661\" class=\"wp-caption-text\">Getty Images<\/figcaption><\/figure>\n<h3 style=\"text-align: justify;\"><span style=\"font-weight: 400;\">Ciara \u2013 b\u0142yszcz\u0105ca elegancja<\/span><\/h3>\n<p style=\"text-align: justify;\"><span style=\"font-weight: 400;\">Ciara zachwyci\u0142a wszystkich swoj\u0105 kreacj\u0105, kt\u00f3ra dos\u0142ownie ocieka\u0142a koralikami. Piosenkarka pojawi\u0142a si\u0119 w czarno-srebrnej sukni LaQuan Smith, kt\u00f3rej najwi\u0119ksz\u0105 ozdob\u0105 by\u0142y zwisaj\u0105ce sznury kryszta\u0142k\u00f3w. <strong>Linki pe\u0142ne koralik\u00f3w zwisa\u0142y przez \u015brodek gorsetu oraz wzd\u0142u\u017c n\u00f3g, podkre\u015blaj\u0105c jej sylwetk\u0119 i nadaj\u0105c ca\u0142o\u015bci zmys\u0142owego charakteru.<\/strong> Reszta sukni zosta\u0142a uszyta z czarnej, strukturalnej satyny. Ca\u0142o\u015b\u0107 uzupe\u0142ni\u0142y czarne szpilki i d\u0142ugie, diamentowe kolczyki, kt\u00f3re pi\u0119knie odbija\u0142y \u015bwiat\u0142o.<\/span><\/p>\n<figure id=\"attachment_9662\" aria-describedby=\"caption-attachment-9662\" style=\"width: 683px\" class=\"wp-caption aligncenter\"><img decoding=\"async\" class=\"wp-image-9662 size-large\" title=\"Cynthia Erivo \" src=\"https:\/\/manzuko.com\/blog\/wp-content\/uploads\/2025\/05\/179-cynthia-erivo_1600-683x1024.webp\" alt=\"Cynthia Erivo \u2013 spektakularne zdobienia\" width=\"683\" height=\"1024\" srcset=\"https:\/\/manzuko.com\/blog\/wp-content\/uploads\/2025\/05\/179-cynthia-erivo_1600-683x1024.webp 683w, https:\/\/manzuko.com\/blog\/wp-content\/uploads\/2025\/05\/179-cynthia-erivo_1600-200x300.webp 200w, https:\/\/manzuko.com\/blog\/wp-content\/uploads\/2025\/05\/179-cynthia-erivo_1600-768x1152.webp 768w, https:\/\/manzuko.com\/blog\/wp-content\/uploads\/2025\/05\/179-cynthia-erivo_1600-1024x1536.webp 1024w, https:\/\/manzuko.com\/blog\/wp-content\/uploads\/2025\/05\/179-cynthia-erivo_1600-850x1275.webp 850w, https:\/\/manzuko.com\/blog\/wp-content\/uploads\/2025\/05\/179-cynthia-erivo_1600.webp 1280w\" sizes=\"(max-width: 683px) 100vw, 683px\" \/><figcaption id=\"caption-attachment-9662\" class=\"wp-caption-text\">Getty Images<\/figcaption><\/figure>\n<h3 style=\"text-align: justify;\"><span style=\"font-weight: 400;\">Cynthia Erivo \u2013 spektakularne zdobienia<\/span><\/h3>\n<p style=\"text-align: justify;\"><span style=\"font-weight: 400;\">Cynthia Erivo postawi\u0142a na spektakularn\u0105 kreacj\u0119 Givenchy. Komplet z\u0142o\u017cony z gorsetu, \u017cakietu, tiulowej sp\u00f3dnicy i bloomers\u00f3w pokrywa\u0142y czerwone<strong>, kwiatowe koralikowe aplikacje.<\/strong> <strong>Ca\u0142o\u015b\u0107 zosta\u0142a uzupe\u0142niona koralikow\u0105 torebk\u0105 i wysokimi, czarnymi butami zdobionymi koralikami.<\/strong> <strong>Wykonanie zdobie\u0144 wymaga\u0142o a\u017c 1300 godzin pracy i ponad 43 tysi\u0105ce kryszta\u0142\u00f3w Swarovski, co czyni\u0142o jej look jednym z najbardziej pracoch\u0142onnych wieczoru.<\/strong> Jej stylizacj\u0119 dope\u0142nia\u0142 oczywi\u015bcie wyrazisty manicure, kt\u00f3ry wpisywa\u0142 si\u0119 w og\u00f3ln\u0105 koncepcj\u0119 pe\u0142n\u0105 detali i blichtru.<\/span><\/p>\n<figure id=\"attachment_9663\" aria-describedby=\"caption-attachment-9663\" style=\"width: 683px\" class=\"wp-caption aligncenter\"><img decoding=\"async\" class=\"wp-image-9663 size-large\" title=\"Joey King\" src=\"https:\/\/manzuko.com\/blog\/wp-content\/uploads\/2025\/05\/226-joey-king_1600-683x1024.webp\" alt=\"Joey King \u2013 bi\u017cuteryjne detale\" width=\"683\" height=\"1024\" srcset=\"https:\/\/manzuko.com\/blog\/wp-content\/uploads\/2025\/05\/226-joey-king_1600-683x1024.webp 683w, https:\/\/manzuko.com\/blog\/wp-content\/uploads\/2025\/05\/226-joey-king_1600-200x300.webp 200w, https:\/\/manzuko.com\/blog\/wp-content\/uploads\/2025\/05\/226-joey-king_1600-768x1152.webp 768w, https:\/\/manzuko.com\/blog\/wp-content\/uploads\/2025\/05\/226-joey-king_1600-1024x1536.webp 1024w, https:\/\/manzuko.com\/blog\/wp-content\/uploads\/2025\/05\/226-joey-king_1600-850x1275.webp 850w, https:\/\/manzuko.com\/blog\/wp-content\/uploads\/2025\/05\/226-joey-king_1600.webp 1280w\" sizes=\"(max-width: 683px) 100vw, 683px\" \/><figcaption id=\"caption-attachment-9663\" class=\"wp-caption-text\">Getty Images<\/figcaption><\/figure>\n<h3 style=\"text-align: justify;\"><span style=\"font-weight: 400;\">Joey King \u2013 bi\u017cuteryjne detale<\/span><\/h3>\n<p style=\"text-align: justify;\"><span style=\"font-weight: 400;\">Joey King na swoim debiucie na Met Gali 2025 zachwyci\u0142a oryginaln\u0105 interpretacj\u0105 motywu przewodniego.<strong> Aktorka wybra\u0142a zielony garnitur Miu Miu, kt\u00f3ry zosta\u0142 obszyty male\u0144kimi lusterkami otoczonymi koralikami, przypominaj\u0105cymi dziesi\u0105tki po\u0142yskuj\u0105cych broszek.<\/strong> Ka\u017cdy element garnituru \u2013 od marynarki po spodnie \u2013 by\u0142 pokryty tymi misternymi aplikacjami. <strong>Ca\u0142o\u015b\u0107 mieni\u0142a si\u0119 i odbija\u0142a \u015bwiat\u0142o przy ka\u017cdym ruchu, tworz\u0105c efekt prawdziwej bi\u017cuteryjnej mozaiki.<\/strong><\/span><\/p>\n<figure id=\"attachment_9664\" aria-describedby=\"caption-attachment-9664\" style=\"width: 914px\" class=\"wp-caption aligncenter\"><img decoding=\"async\" class=\"wp-image-9664 size-large\" title=\"Tyler Perry \" src=\"https:\/\/manzuko.com\/blog\/wp-content\/uploads\/2025\/05\/209-tyler-perry_1600-e1746685539943-914x1024.webp\" alt=\"Tyler Perry \u2013 klasyka z nut\u0105 blasku\" width=\"914\" height=\"1024\" srcset=\"https:\/\/manzuko.com\/blog\/wp-content\/uploads\/2025\/05\/209-tyler-perry_1600-e1746685539943-914x1024.webp 914w, https:\/\/manzuko.com\/blog\/wp-content\/uploads\/2025\/05\/209-tyler-perry_1600-e1746685539943-268x300.webp 268w, https:\/\/manzuko.com\/blog\/wp-content\/uploads\/2025\/05\/209-tyler-perry_1600-e1746685539943-768x860.webp 768w, https:\/\/manzuko.com\/blog\/wp-content\/uploads\/2025\/05\/209-tyler-perry_1600-e1746685539943-850x952.webp 850w, https:\/\/manzuko.com\/blog\/wp-content\/uploads\/2025\/05\/209-tyler-perry_1600-e1746685539943.webp 1280w\" sizes=\"(max-width: 914px) 100vw, 914px\" \/><figcaption id=\"caption-attachment-9664\" class=\"wp-caption-text\">Getty Images<\/figcaption><\/figure>\n<h3 style=\"text-align: justify;\"><span style=\"font-weight: 400;\">Tyler Perry \u2013 klasyka z nut\u0105 blasku<\/span><\/h3>\n<p style=\"text-align: justify;\"><span class=\"yoast-text-mark\" style=\"font-weight: 400;\"><strong>Tyler Perry, r\u00f3wnie\u017c debiutuj\u0105cy na Met Gali, postawi\u0142 na elegancki look z peleryn\u0105 z jedwabiu wyszywan\u0105 rz\u0119dami kryszta\u0142k\u00f3w.<\/strong> Okrycie by\u0142o wyrazistym, a zarazem subtelnym uk\u0142onem w stron\u0119 dandyzmu i m\u0119skiej elegancji. Kryszta\u0142owe zdobienia dodawa\u0142y pelerynie wyj\u0105tkowego blasku. Dzi\u0119ki nim stylizacja Perry\u2019ego doskonale wpisywa\u0142a si\u0119 w motyw przewodni wieczoru.<\/span><\/p>\n<figure id=\"attachment_9665\" aria-describedby=\"caption-attachment-9665\" style=\"width: 683px\" class=\"wp-caption aligncenter\"><img decoding=\"async\" class=\"wp-image-9665 size-large\" title=\"Ayo Edebiri \" src=\"https:\/\/manzuko.com\/blog\/wp-content\/uploads\/2025\/05\/13-ayo-edebiri_1600-683x1024.webp\" alt=\"Ayo Edebiri \u2013 subtelna gra \u015bwiate\u0142\" width=\"683\" height=\"1024\" srcset=\"https:\/\/manzuko.com\/blog\/wp-content\/uploads\/2025\/05\/13-ayo-edebiri_1600-683x1024.webp 683w, https:\/\/manzuko.com\/blog\/wp-content\/uploads\/2025\/05\/13-ayo-edebiri_1600-200x300.webp 200w, https:\/\/manzuko.com\/blog\/wp-content\/uploads\/2025\/05\/13-ayo-edebiri_1600-768x1152.webp 768w, https:\/\/manzuko.com\/blog\/wp-content\/uploads\/2025\/05\/13-ayo-edebiri_1600-1024x1536.webp 1024w, https:\/\/manzuko.com\/blog\/wp-content\/uploads\/2025\/05\/13-ayo-edebiri_1600-850x1275.webp 850w, https:\/\/manzuko.com\/blog\/wp-content\/uploads\/2025\/05\/13-ayo-edebiri_1600.webp 1280w\" sizes=\"(max-width: 683px) 100vw, 683px\" \/><figcaption id=\"caption-attachment-9665\" class=\"wp-caption-text\">Getty Images<\/figcaption><\/figure>\n<p>&nbsp;<\/p>\n<h3 style=\"text-align: justify;\"><span style=\"font-weight: 400;\">Ayo Edebiri \u2013 subtelna gra \u015bwiate\u0142<\/span><\/h3>\n<p style=\"text-align: justify;\"><span style=\"font-weight: 400;\">Ayo Edebiri na Met Gali 2025 odda\u0142a ho\u0142d swoim nigeryjskim i barbadoskim korzeniom. Wybra\u0142a kreacj\u0119 zaprojektowan\u0105 przez Maximiliana Davisa: bia\u0142\u0105, d\u0142ug\u0105 sukni\u0119 koszulow\u0105 z klasycznym ko\u0142nierzem.<strong> Sukienka ozdobiona by\u0142a intensywnie czerwonymi koralikami Edo wykonanymi z korala, kt\u00f3re w formie d\u0142ugich sznur\u00f3w sp\u0142ywa\u0142y z ramion i przez \u015brodek sukni a\u017c do ziemi.<\/strong> Stylizacj\u0119 uzupe\u0142ni\u0142a czarnym, sk\u00f3rzanym p\u0142aszczem o kroju fraka. <strong>Bi\u017cuteryjne akcenty pojawi\u0142y si\u0119 w postaci broszki przypi\u0119tej do klapy p\u0142aszcza, a tak\u017ce subtelnych kolczyk\u00f3w.<\/strong> Ca\u0142o\u015b\u0107 by\u0142a inspirowana elegancj\u0105 jej ojca i dziadka, kt\u00f3rzy od zawsze byli dla niej wzorem dandyzmu i modowej odwagi. Jej wyb\u00f3r by\u0142 osobist\u0105 opowie\u015bci\u0105 o rodzinie, tradycji i dumie z w\u0142asnych korzeni.<\/span><\/p>\n<figure id=\"attachment_9672\" aria-describedby=\"caption-attachment-9672\" style=\"width: 683px\" class=\"wp-caption aligncenter\"><img decoding=\"async\" class=\"wp-image-9672 size-large\" title=\"Diana Ross \" src=\"https:\/\/manzuko.com\/blog\/wp-content\/uploads\/2025\/05\/signal-2025-05-09-085220_002-683x1024.jpeg\" alt=\"Diana Ross \u2013 kr\u00f3lowa Met Gali 2025\" width=\"683\" height=\"1024\" srcset=\"https:\/\/manzuko.com\/blog\/wp-content\/uploads\/2025\/05\/signal-2025-05-09-085220_002-683x1024.jpeg 683w, https:\/\/manzuko.com\/blog\/wp-content\/uploads\/2025\/05\/signal-2025-05-09-085220_002-200x300.jpeg 200w, https:\/\/manzuko.com\/blog\/wp-content\/uploads\/2025\/05\/signal-2025-05-09-085220_002-768x1152.jpeg 768w, https:\/\/manzuko.com\/blog\/wp-content\/uploads\/2025\/05\/signal-2025-05-09-085220_002-850x1275.jpeg 850w, https:\/\/manzuko.com\/blog\/wp-content\/uploads\/2025\/05\/signal-2025-05-09-085220_002.jpeg 980w\" sizes=\"(max-width: 683px) 100vw, 683px\" \/><figcaption id=\"caption-attachment-9672\" class=\"wp-caption-text\">Getty Images<\/figcaption><\/figure>\n<p>&nbsp;<\/p>\n<h3 style=\"text-align: justify;\"><span style=\"font-weight: 400;\">Diana Ross \u2013 kr\u00f3lowa Met Gali 2025<\/span><\/h3>\n<p style=\"text-align: justify;\"><span style=\"font-weight: 400;\">Diana Ross powr\u00f3ci\u0142a na Met Gal\u0119 po ponad 20 latach nieobecno\u015bci, prezentuj\u0105c jedn\u0105 z najbardziej spektakularnych stylizacji wieczoru. <strong>Jej ol\u015bniewaj\u0105ca, bia\u0142a suknia Miu Miu by\u0142a wyszywana kryszta\u0142ami i koralikami, a ca\u0142o\u015b\u0107 dope\u0142nia\u0142a 18-metrowa peleryna z pi\u00f3rami.<\/strong> Wyj\u0105tkowym, osobistym detalem by\u0142y misternie wyhaftowane na trenie imiona wszystkich dzieci i o\u015bmiorga wnucz\u0105t artystki, co uczyni\u0142o kreacj\u0119 nie tylko pokazem rzemios\u0142a, ale te\u017c wzruszaj\u0105cym ho\u0142dem dla rodziny. <strong>Diana uzupe\u0142ni\u0142a look szerokim kapeluszem oraz du\u017cymi kolczykami typu chandelier i ozdobnym klejnotem na czole, podkre\u015blaj\u0105cymi jej mi\u0142o\u015b\u0107 do glamouru.<\/strong> Za projektem sta\u0142 nigeryjski designer Ugo Mozie, a w procesie tw\u00f3rczym aktywnie uczestniczy\u0142 syn gwiazdy, Evan Ross, co dodatkowo podkre\u015bla rodzinny wymiar tej stylizacji.<\/span><\/p>\n<figure id=\"attachment_9667\" aria-describedby=\"caption-attachment-9667\" style=\"width: 719px\" class=\"wp-caption aligncenter\"><img decoding=\"async\" class=\"wp-image-9667 size-large\" title=\"Pamela Anderson \" src=\"https:\/\/manzuko.com\/blog\/wp-content\/uploads\/2025\/05\/251-pamela-anderson_1600-719x1024.webp\" alt=\"Pamela Anderson \u2013 nowoczesno\u015b\u0107 i tradycja\" width=\"719\" height=\"1024\" srcset=\"https:\/\/manzuko.com\/blog\/wp-content\/uploads\/2025\/05\/251-pamela-anderson_1600-719x1024.webp 719w, https:\/\/manzuko.com\/blog\/wp-content\/uploads\/2025\/05\/251-pamela-anderson_1600-211x300.webp 211w, https:\/\/manzuko.com\/blog\/wp-content\/uploads\/2025\/05\/251-pamela-anderson_1600-768x1093.webp 768w, https:\/\/manzuko.com\/blog\/wp-content\/uploads\/2025\/05\/251-pamela-anderson_1600-1079x1536.webp 1079w, https:\/\/manzuko.com\/blog\/wp-content\/uploads\/2025\/05\/251-pamela-anderson_1600-850x1210.webp 850w, https:\/\/manzuko.com\/blog\/wp-content\/uploads\/2025\/05\/251-pamela-anderson_1600.webp 1280w\" sizes=\"(max-width: 719px) 100vw, 719px\" \/><figcaption id=\"caption-attachment-9667\" class=\"wp-caption-text\">Getty Images<\/figcaption><\/figure>\n<h3 style=\"text-align: justify;\"><span style=\"font-weight: 400;\">Pamela Anderson \u2013 nowoczesno\u015b\u0107 i tradycja<\/span><\/h3>\n<p style=\"text-align: justify;\"><span style=\"font-weight: 400;\">Pamela Anderson zachwyci\u0142a na Met Gali 2025 w spersonalizowanej sukni Tory Burch z jasnoniebieskiej, jedwabnej siateczki. Siateczka jednak by\u0142a ledwo dostrzegalna spod warstwy koralik\u00f3w. <strong>Suknia zosta\u0142a ca\u0142kowicie obszyta skr\u0119conymi srebrnymi cekinami i rozsypanymi kryszta\u0142ami, kt\u00f3re odbija\u0142y \u015bwiat\u0142o przy ka\u017cdym ruchu.<\/strong> Anderson postawi\u0142a sukni\u0119 w centrum uwagi, stawiaj\u0105c na naturalno\u015b\u0107. Pojawi\u0142a si\u0119 bez makija\u017cu, z now\u0105, kr\u00f3tk\u0105 fryzur\u0105 typu bob z mikrogrzywk\u0105 i minimalistycznym manicurem. <strong>Jej jedyn\u0105 bi\u017cuteri\u0119 stanowi\u0142 ear-cuff z diamentami od Pandory oraz diamentowe kolczyki<\/strong>. Aktorka okre\u015bli\u0142a ten look jako celebracj\u0119 odwagi, rzemios\u0142a i wolno\u015bci bycia sob\u0105.<\/span><\/p>\n<h2 style=\"text-align: justify;\"><b>Met Gala 2025 &#8211; \u015bwi\u0119to mody i bi\u017cuterii<\/b><\/h2>\n<p style=\"text-align: justify;\"><span style=\"font-weight: 400;\">Met Gala 2025 po raz kolejny udowodni\u0142a, \u017ce bi\u017cuteria to nie tylko dodatek, ale kluczowy element stylizacji. Od monumentalnych klejnot\u00f3w, przez kaskady \u0142a\u0144cuch\u00f3w, a\u017c po kreacje ociekaj\u0105ce koralikami \u2013 ka\u017cda z gwiazd znalaz\u0142a w\u0142asny spos\u00f3b na to, by zab\u0142ysn\u0105\u0107 na czerwonym dywanie. To w\u0142a\u015bnie te detale sprawiaj\u0105, \u017ce Met Gala jest wydarzeniem, kt\u00f3re inspiruje i zachwyca \u015bwiat mody.<\/span><\/p>\n<p style=\"text-align: justify;\"><span style=\"font-weight: 400;\">Czy w\u015br\u00f3d wymienionych znalaz\u0142a si\u0119 bi\u017cuteria, kt\u00f3ra najbardziej wpad\u0142a Ci w oko? A mo\u017ce zachwyci\u0142 Ci\u0119 inny klejnot lub detal, kt\u00f3rego nie wymieni\u0142am w tym zestawieniu? Koniecznie podziel si\u0119 swoim typem na najpi\u0119kniejsz\u0105 bi\u017cuteri\u0119 Met Gali 2025 w komentarzu.<\/span><\/p>\n","protected":false},"excerpt":{"rendered":"<p>Met Gala to jedno z najwa\u017cniejszych wydarze\u0144 w \u015bwiecie mody. Impreza co roku przyci\u0105ga uwag\u0119 nie tylko bran\u017cowych ekspert\u00f3w, ale tak\u017ce mi\u0142o\u015bnik\u00f3w stylu&hellip;<\/p>\n","protected":false},"author":9,"featured_media":9668,"comment_status":"open","ping_status":"closed","sticky":false,"template":"","format":"standard","meta":{"footnotes":""},"categories":[17],"tags":[19,25],"class_list":["post-9638","post","type-post","status-publish","format-standard","has-post-thumbnail","hentry","category-bizuteria-gwiazd","tag-artykuly-o-akcesoriach","tag-artykuly-o-bizuterii"],"yoast_head":"<!-- This site is optimized with the Yoast SEO Premium plugin v26.8 (Yoast SEO v27.5) - https:\/\/yoast.com\/product\/yoast-seo-premium-wordpress\/ -->\n<title>Met Gala 2025: Wyj\u0105tkowa bi\u017cuteria na czerwonym dywanie<\/title>\n<meta name=\"description\" content=\"Odkryj najpi\u0119kniejsz\u0105 bi\u017cuteri\u0119 z Met Gali 2025. Zobacz, jak gwiazdy b\u0142yszcza\u0142y w spektakularnych klejnotach.\" \/>\n<meta name=\"robots\" content=\"index, follow, max-snippet:-1, max-image-preview:large, max-video-preview:-1\" \/>\n<link rel=\"canonical\" href=\"https:\/\/manzuko.com\/blog\/met-gala-2025-najpiekniejsza-bizuteria-wsrod-najprzedniejszego-krawiectwa\/\" \/>\n<meta property=\"og:locale\" content=\"pl_PL\" \/>\n<meta property=\"og:type\" content=\"article\" \/>\n<meta property=\"og:title\" content=\"Met Gala 2025 \u2013 najpi\u0119kniejsza bi\u017cuteria w\u015br\u00f3d najprzedniejszego krawiectwa\" \/>\n<meta property=\"og:description\" content=\"Odkryj najpi\u0119kniejsz\u0105 bi\u017cuteri\u0119 z Met Gali 2025. Zobacz, jak gwiazdy b\u0142yszcza\u0142y w spektakularnych klejnotach.\" \/>\n<meta property=\"og:url\" content=\"https:\/\/manzuko.com\/blog\/met-gala-2025-najpiekniejsza-bizuteria-wsrod-najprzedniejszego-krawiectwa\/\" \/>\n<meta property=\"og:site_name\" content=\"Blog manzuko.com\" \/>\n<meta property=\"article:publisher\" content=\"https:\/\/pl-pl.facebook.com\/manzukocom\/\" \/>\n<meta property=\"article:published_time\" content=\"2025-05-08T10:00:08+00:00\" \/>\n<meta property=\"article:modified_time\" content=\"2026-03-18T12:53:26+00:00\" \/>\n<meta property=\"og:image\" content=\"https:\/\/manzuko.com\/blog\/wp-content\/uploads\/2025\/05\/BLOG-OBRAZEK-WYROZNIAJACY-.png\" \/>\n\t<meta property=\"og:image:width\" content=\"1024\" \/>\n\t<meta property=\"og:image:height\" content=\"616\" \/>\n\t<meta property=\"og:image:type\" content=\"image\/png\" \/>\n<meta name=\"author\" content=\"Martyna Koniarska\" \/>\n<meta name=\"twitter:card\" content=\"summary_large_image\" \/>\n<meta name=\"twitter:label1\" content=\"Napisane przez\" \/>\n\t<meta name=\"twitter:data1\" content=\"Martyna Koniarska\" \/>\n\t<meta name=\"twitter:label2\" content=\"Szacowany czas czytania\" \/>\n\t<meta name=\"twitter:data2\" content=\"20 minut\" \/>\n<script type=\"application\/ld+json\" class=\"yoast-schema-graph\">{\"@context\":\"https:\\\/\\\/schema.org\",\"@graph\":[{\"@type\":\"Article\",\"@id\":\"https:\\\/\\\/manzuko.com\\\/blog\\\/met-gala-2025-najpiekniejsza-bizuteria-wsrod-najprzedniejszego-krawiectwa\\\/#article\",\"isPartOf\":{\"@id\":\"https:\\\/\\\/manzuko.com\\\/blog\\\/met-gala-2025-najpiekniejsza-bizuteria-wsrod-najprzedniejszego-krawiectwa\\\/\"},\"author\":{\"name\":\"Martyna Koniarska\",\"@id\":\"https:\\\/\\\/manzuko.com\\\/blog\\\/#\\\/schema\\\/person\\\/b98c12ad72579ac42024bf30dd69a182\"},\"headline\":\"Met Gala 2025 \u2013 najpi\u0119kniejsza bi\u017cuteria w\u015br\u00f3d najprzedniejszego krawiectwa\",\"datePublished\":\"2025-05-08T10:00:08+00:00\",\"dateModified\":\"2026-03-18T12:53:26+00:00\",\"mainEntityOfPage\":{\"@id\":\"https:\\\/\\\/manzuko.com\\\/blog\\\/met-gala-2025-najpiekniejsza-bizuteria-wsrod-najprzedniejszego-krawiectwa\\\/\"},\"wordCount\":3331,\"commentCount\":0,\"publisher\":{\"@id\":\"https:\\\/\\\/manzuko.com\\\/blog\\\/#organization\"},\"image\":{\"@id\":\"https:\\\/\\\/manzuko.com\\\/blog\\\/met-gala-2025-najpiekniejsza-bizuteria-wsrod-najprzedniejszego-krawiectwa\\\/#primaryimage\"},\"thumbnailUrl\":\"https:\\\/\\\/manzuko.com\\\/blog\\\/wp-content\\\/uploads\\\/2025\\\/05\\\/BLOG-OBRAZEK-WYROZNIAJACY-.png\",\"keywords\":[\"akcesoria\",\"bi\u017cuteria\"],\"articleSection\":[\"Bi\u017cuteria gwiazd\"],\"inLanguage\":\"pl-PL\",\"potentialAction\":[{\"@type\":\"CommentAction\",\"name\":\"Comment\",\"target\":[\"https:\\\/\\\/manzuko.com\\\/blog\\\/met-gala-2025-najpiekniejsza-bizuteria-wsrod-najprzedniejszego-krawiectwa\\\/#respond\"]}]},{\"@type\":\"WebPage\",\"@id\":\"https:\\\/\\\/manzuko.com\\\/blog\\\/met-gala-2025-najpiekniejsza-bizuteria-wsrod-najprzedniejszego-krawiectwa\\\/\",\"url\":\"https:\\\/\\\/manzuko.com\\\/blog\\\/met-gala-2025-najpiekniejsza-bizuteria-wsrod-najprzedniejszego-krawiectwa\\\/\",\"name\":\"Met Gala 2025: Wyj\u0105tkowa bi\u017cuteria na czerwonym dywanie\",\"isPartOf\":{\"@id\":\"https:\\\/\\\/manzuko.com\\\/blog\\\/#website\"},\"primaryImageOfPage\":{\"@id\":\"https:\\\/\\\/manzuko.com\\\/blog\\\/met-gala-2025-najpiekniejsza-bizuteria-wsrod-najprzedniejszego-krawiectwa\\\/#primaryimage\"},\"image\":{\"@id\":\"https:\\\/\\\/manzuko.com\\\/blog\\\/met-gala-2025-najpiekniejsza-bizuteria-wsrod-najprzedniejszego-krawiectwa\\\/#primaryimage\"},\"thumbnailUrl\":\"https:\\\/\\\/manzuko.com\\\/blog\\\/wp-content\\\/uploads\\\/2025\\\/05\\\/BLOG-OBRAZEK-WYROZNIAJACY-.png\",\"datePublished\":\"2025-05-08T10:00:08+00:00\",\"dateModified\":\"2026-03-18T12:53:26+00:00\",\"description\":\"Odkryj najpi\u0119kniejsz\u0105 bi\u017cuteri\u0119 z Met Gali 2025. Zobacz, jak gwiazdy b\u0142yszcza\u0142y w spektakularnych klejnotach.\",\"breadcrumb\":{\"@id\":\"https:\\\/\\\/manzuko.com\\\/blog\\\/met-gala-2025-najpiekniejsza-bizuteria-wsrod-najprzedniejszego-krawiectwa\\\/#breadcrumb\"},\"inLanguage\":\"pl-PL\",\"potentialAction\":[{\"@type\":\"ReadAction\",\"target\":[\"https:\\\/\\\/manzuko.com\\\/blog\\\/met-gala-2025-najpiekniejsza-bizuteria-wsrod-najprzedniejszego-krawiectwa\\\/\"]}]},{\"@type\":\"ImageObject\",\"inLanguage\":\"pl-PL\",\"@id\":\"https:\\\/\\\/manzuko.com\\\/blog\\\/met-gala-2025-najpiekniejsza-bizuteria-wsrod-najprzedniejszego-krawiectwa\\\/#primaryimage\",\"url\":\"https:\\\/\\\/manzuko.com\\\/blog\\\/wp-content\\\/uploads\\\/2025\\\/05\\\/BLOG-OBRAZEK-WYROZNIAJACY-.png\",\"contentUrl\":\"https:\\\/\\\/manzuko.com\\\/blog\\\/wp-content\\\/uploads\\\/2025\\\/05\\\/BLOG-OBRAZEK-WYROZNIAJACY-.png\",\"width\":1024,\"height\":616,\"caption\":\"Odkryj najpi\u0119kniejsz\u0105 bi\u017cuteri\u0119 z Met Gali 2025. Zobacz, jak gwiazdy b\u0142yszcza\u0142y w spektakularnych klejnotach.\"},{\"@type\":\"BreadcrumbList\",\"@id\":\"https:\\\/\\\/manzuko.com\\\/blog\\\/met-gala-2025-najpiekniejsza-bizuteria-wsrod-najprzedniejszego-krawiectwa\\\/#breadcrumb\",\"itemListElement\":[{\"@type\":\"ListItem\",\"position\":1,\"name\":\"Strona g\u0142\u00f3wna\",\"item\":\"https:\\\/\\\/manzuko.com\\\/blog\\\/\"},{\"@type\":\"ListItem\",\"position\":2,\"name\":\"Met Gala 2025 \u2013 najpi\u0119kniejsza bi\u017cuteria w\u015br\u00f3d najprzedniejszego krawiectwa\"}]},{\"@type\":\"WebSite\",\"@id\":\"https:\\\/\\\/manzuko.com\\\/blog\\\/#website\",\"url\":\"https:\\\/\\\/manzuko.com\\\/blog\\\/\",\"name\":\"Blog manzuko.com\",\"description\":\"Koraliki i p\u00f3\u0142fabrykaty do bi\u017cuterii to Twoje ulubione puzzle? Ten blog jest dla Ciebie.\",\"publisher\":{\"@id\":\"https:\\\/\\\/manzuko.com\\\/blog\\\/#organization\"},\"potentialAction\":[{\"@type\":\"SearchAction\",\"target\":{\"@type\":\"EntryPoint\",\"urlTemplate\":\"https:\\\/\\\/manzuko.com\\\/blog\\\/?s={search_term_string}\"},\"query-input\":{\"@type\":\"PropertyValueSpecification\",\"valueRequired\":true,\"valueName\":\"search_term_string\"}}],\"inLanguage\":\"pl-PL\"},{\"@type\":\"Organization\",\"@id\":\"https:\\\/\\\/manzuko.com\\\/blog\\\/#organization\",\"name\":\"Manzuko\",\"url\":\"https:\\\/\\\/manzuko.com\\\/blog\\\/\",\"logo\":{\"@type\":\"ImageObject\",\"inLanguage\":\"pl-PL\",\"@id\":\"https:\\\/\\\/manzuko.com\\\/blog\\\/#\\\/schema\\\/logo\\\/image\\\/\",\"url\":\"https:\\\/\\\/manzuko.com\\\/blog\\\/wp-content\\\/uploads\\\/2025\\\/01\\\/Manzuko-Logo1111.png\",\"contentUrl\":\"https:\\\/\\\/manzuko.com\\\/blog\\\/wp-content\\\/uploads\\\/2025\\\/01\\\/Manzuko-Logo1111.png\",\"width\":824,\"height\":853,\"caption\":\"Manzuko\"},\"image\":{\"@id\":\"https:\\\/\\\/manzuko.com\\\/blog\\\/#\\\/schema\\\/logo\\\/image\\\/\"},\"sameAs\":[\"https:\\\/\\\/pl-pl.facebook.com\\\/manzukocom\\\/\",\"https:\\\/\\\/pl.pinterest.com\\\/manzukocom\\\/\",\"https:\\\/\\\/www.instagram.com\\\/manzukocom\\\/\"],\"description\":\"Blog Manzuko jest miejscem, w kt\u00f3rym zesp\u00f3\u0142 tego sklepu z koralikami stara si\u0119 przybli\u017ca\u0107 pi\u0119kno i kreatywne mo\u017cliwo\u015bci jakie daje samodzielne tworzenie bi\u017cuterii. Na tym blogu znajdziesz porady jak zrobi\u0107 bransoletki i naszyjniki, jak czy\u015bci\u0107 i przechowywa\u0107 bi\u017cuteri\u0119 oraz jakich koralik\u00f3w i p\u00f3\u0142fabrykat\u00f3w u\u017cy\u0107 do poszczeg\u00f3lnych projekt\u00f3w. Posty z tutorialami i poradami przeplatamy takimi, w kt\u00f3rych mn\u00f3stwo jest ciekawostek z zakresu gemmologii jak i trend\u00f3w z wybieg\u00f3w mody i wielkich Gal. Regularnie podpatrujemy dla Was Gal\u0119 wr\u0119czenia Oskar\u00f3w i Met Gal\u0119, \u015bledzimy z zaanga\u017cowaniem bi\u017cuteri\u0119 przewijaj\u0105c\u0105 si\u0119 w filmach. Sklep Manzuko to dziesi\u0105tki tysi\u0119cy koralik\u00f3w i p\u00f3\u0142fabrykat\u00f3w, pomagamy odnale\u017a\u0107 si\u0119 w tym \u015bwiecie nawet laikom, by z przyjemno\u015bci\u0105 da\u0142o si\u0119 tworzy\u0107 pi\u0119kne przedmioty.\",\"email\":\"sklep@manzuko.com\",\"telephone\":\"(+48) 733-885-808\",\"legalName\":\"Koniarscy s.c. Zuzanna Koniarska Mateusz Koniarski\",\"foundingDate\":\"1993-05-17\",\"vatID\":\"8431074220\",\"numberOfEmployees\":{\"@type\":\"QuantitativeValue\",\"minValue\":\"1\",\"maxValue\":\"10\"}},{\"@type\":\"Person\",\"@id\":\"https:\\\/\\\/manzuko.com\\\/blog\\\/#\\\/schema\\\/person\\\/b98c12ad72579ac42024bf30dd69a182\",\"name\":\"Martyna Koniarska\",\"image\":{\"@type\":\"ImageObject\",\"inLanguage\":\"pl-PL\",\"@id\":\"https:\\\/\\\/secure.gravatar.com\\\/avatar\\\/3e979c0d4f9d86a05be85fe9d41ac3ceb622faf812103768909c7d75fce524a4?s=96&d=initials&r=g&initials=mk\",\"url\":\"https:\\\/\\\/secure.gravatar.com\\\/avatar\\\/3e979c0d4f9d86a05be85fe9d41ac3ceb622faf812103768909c7d75fce524a4?s=96&d=initials&r=g&initials=mk\",\"contentUrl\":\"https:\\\/\\\/secure.gravatar.com\\\/avatar\\\/3e979c0d4f9d86a05be85fe9d41ac3ceb622faf812103768909c7d75fce524a4?s=96&d=initials&r=g&initials=mk\",\"caption\":\"Martyna Koniarska\"},\"description\":\"Cze\u015b\u0107, jestem Tina i uwa\u017cam si\u0119 za wsp\u00f3\u0142czesn\u0105 kobiet\u0119 renesansu. Moje serce bije dla kreatywno\u015bci we wszystkich jej formach. Chocia\u017c moje zawodowe do\u015bwiadczenie obejmuje handel elektroniczny i marketing, moje zainteresowania i talenty zawsze wykracza\u0142y daleko poza granice mojego \u017cycia zawodowego. Mo\u017cna powiedzie\u0107, \u017ce jestem r\u0119kodzielnicz\u0105 polimatk\u0105, bawi\u0119 si\u0119 wszystkim po trochu i po drodze opanowuj\u0119 ca\u0142kiem sporo umiej\u0119tno\u015bci. Aktualne ulubione formy sp\u0119dzania czasu kreatywnie? Malowanie akwarelami i r\u0119czne tworzenie ma\u0142ych projekt\u00f3w ulepszaj\u0105cych moje mieszkanie.\",\"url\":\"https:\\\/\\\/manzuko.com\\\/blog\\\/author\\\/martyna-koniarska\\\/\"}]}<\/script>\n<!-- \/ Yoast SEO Premium plugin. -->","yoast_head_json":{"title":"Met Gala 2025: Wyj\u0105tkowa bi\u017cuteria na czerwonym dywanie","description":"Odkryj najpi\u0119kniejsz\u0105 bi\u017cuteri\u0119 z Met Gali 2025. Zobacz, jak gwiazdy b\u0142yszcza\u0142y w spektakularnych klejnotach.","robots":{"index":"index","follow":"follow","max-snippet":"max-snippet:-1","max-image-preview":"max-image-preview:large","max-video-preview":"max-video-preview:-1"},"canonical":"https:\/\/manzuko.com\/blog\/met-gala-2025-najpiekniejsza-bizuteria-wsrod-najprzedniejszego-krawiectwa\/","og_locale":"pl_PL","og_type":"article","og_title":"Met Gala 2025 \u2013 najpi\u0119kniejsza bi\u017cuteria w\u015br\u00f3d najprzedniejszego krawiectwa","og_description":"Odkryj najpi\u0119kniejsz\u0105 bi\u017cuteri\u0119 z Met Gali 2025. Zobacz, jak gwiazdy b\u0142yszcza\u0142y w spektakularnych klejnotach.","og_url":"https:\/\/manzuko.com\/blog\/met-gala-2025-najpiekniejsza-bizuteria-wsrod-najprzedniejszego-krawiectwa\/","og_site_name":"Blog manzuko.com","article_publisher":"https:\/\/pl-pl.facebook.com\/manzukocom\/","article_published_time":"2025-05-08T10:00:08+00:00","article_modified_time":"2026-03-18T12:53:26+00:00","og_image":[{"width":1024,"height":616,"url":"https:\/\/manzuko.com\/blog\/wp-content\/uploads\/2025\/05\/BLOG-OBRAZEK-WYROZNIAJACY-.png","type":"image\/png"}],"author":"Martyna Koniarska","twitter_card":"summary_large_image","twitter_misc":{"Napisane przez":"Martyna Koniarska","Szacowany czas czytania":"20 minut"},"schema":{"@context":"https:\/\/schema.org","@graph":[{"@type":"Article","@id":"https:\/\/manzuko.com\/blog\/met-gala-2025-najpiekniejsza-bizuteria-wsrod-najprzedniejszego-krawiectwa\/#article","isPartOf":{"@id":"https:\/\/manzuko.com\/blog\/met-gala-2025-najpiekniejsza-bizuteria-wsrod-najprzedniejszego-krawiectwa\/"},"author":{"name":"Martyna Koniarska","@id":"https:\/\/manzuko.com\/blog\/#\/schema\/person\/b98c12ad72579ac42024bf30dd69a182"},"headline":"Met Gala 2025 \u2013 najpi\u0119kniejsza bi\u017cuteria w\u015br\u00f3d najprzedniejszego krawiectwa","datePublished":"2025-05-08T10:00:08+00:00","dateModified":"2026-03-18T12:53:26+00:00","mainEntityOfPage":{"@id":"https:\/\/manzuko.com\/blog\/met-gala-2025-najpiekniejsza-bizuteria-wsrod-najprzedniejszego-krawiectwa\/"},"wordCount":3331,"commentCount":0,"publisher":{"@id":"https:\/\/manzuko.com\/blog\/#organization"},"image":{"@id":"https:\/\/manzuko.com\/blog\/met-gala-2025-najpiekniejsza-bizuteria-wsrod-najprzedniejszego-krawiectwa\/#primaryimage"},"thumbnailUrl":"https:\/\/manzuko.com\/blog\/wp-content\/uploads\/2025\/05\/BLOG-OBRAZEK-WYROZNIAJACY-.png","keywords":["akcesoria","bi\u017cuteria"],"articleSection":["Bi\u017cuteria gwiazd"],"inLanguage":"pl-PL","potentialAction":[{"@type":"CommentAction","name":"Comment","target":["https:\/\/manzuko.com\/blog\/met-gala-2025-najpiekniejsza-bizuteria-wsrod-najprzedniejszego-krawiectwa\/#respond"]}]},{"@type":"WebPage","@id":"https:\/\/manzuko.com\/blog\/met-gala-2025-najpiekniejsza-bizuteria-wsrod-najprzedniejszego-krawiectwa\/","url":"https:\/\/manzuko.com\/blog\/met-gala-2025-najpiekniejsza-bizuteria-wsrod-najprzedniejszego-krawiectwa\/","name":"Met Gala 2025: Wyj\u0105tkowa bi\u017cuteria na czerwonym dywanie","isPartOf":{"@id":"https:\/\/manzuko.com\/blog\/#website"},"primaryImageOfPage":{"@id":"https:\/\/manzuko.com\/blog\/met-gala-2025-najpiekniejsza-bizuteria-wsrod-najprzedniejszego-krawiectwa\/#primaryimage"},"image":{"@id":"https:\/\/manzuko.com\/blog\/met-gala-2025-najpiekniejsza-bizuteria-wsrod-najprzedniejszego-krawiectwa\/#primaryimage"},"thumbnailUrl":"https:\/\/manzuko.com\/blog\/wp-content\/uploads\/2025\/05\/BLOG-OBRAZEK-WYROZNIAJACY-.png","datePublished":"2025-05-08T10:00:08+00:00","dateModified":"2026-03-18T12:53:26+00:00","description":"Odkryj najpi\u0119kniejsz\u0105 bi\u017cuteri\u0119 z Met Gali 2025. Zobacz, jak gwiazdy b\u0142yszcza\u0142y w spektakularnych klejnotach.","breadcrumb":{"@id":"https:\/\/manzuko.com\/blog\/met-gala-2025-najpiekniejsza-bizuteria-wsrod-najprzedniejszego-krawiectwa\/#breadcrumb"},"inLanguage":"pl-PL","potentialAction":[{"@type":"ReadAction","target":["https:\/\/manzuko.com\/blog\/met-gala-2025-najpiekniejsza-bizuteria-wsrod-najprzedniejszego-krawiectwa\/"]}]},{"@type":"ImageObject","inLanguage":"pl-PL","@id":"https:\/\/manzuko.com\/blog\/met-gala-2025-najpiekniejsza-bizuteria-wsrod-najprzedniejszego-krawiectwa\/#primaryimage","url":"https:\/\/manzuko.com\/blog\/wp-content\/uploads\/2025\/05\/BLOG-OBRAZEK-WYROZNIAJACY-.png","contentUrl":"https:\/\/manzuko.com\/blog\/wp-content\/uploads\/2025\/05\/BLOG-OBRAZEK-WYROZNIAJACY-.png","width":1024,"height":616,"caption":"Odkryj najpi\u0119kniejsz\u0105 bi\u017cuteri\u0119 z Met Gali 2025. Zobacz, jak gwiazdy b\u0142yszcza\u0142y w spektakularnych klejnotach."},{"@type":"BreadcrumbList","@id":"https:\/\/manzuko.com\/blog\/met-gala-2025-najpiekniejsza-bizuteria-wsrod-najprzedniejszego-krawiectwa\/#breadcrumb","itemListElement":[{"@type":"ListItem","position":1,"name":"Strona g\u0142\u00f3wna","item":"https:\/\/manzuko.com\/blog\/"},{"@type":"ListItem","position":2,"name":"Met Gala 2025 \u2013 najpi\u0119kniejsza bi\u017cuteria w\u015br\u00f3d najprzedniejszego krawiectwa"}]},{"@type":"WebSite","@id":"https:\/\/manzuko.com\/blog\/#website","url":"https:\/\/manzuko.com\/blog\/","name":"Blog manzuko.com","description":"Koraliki i p\u00f3\u0142fabrykaty do bi\u017cuterii to Twoje ulubione puzzle? Ten blog jest dla Ciebie.","publisher":{"@id":"https:\/\/manzuko.com\/blog\/#organization"},"potentialAction":[{"@type":"SearchAction","target":{"@type":"EntryPoint","urlTemplate":"https:\/\/manzuko.com\/blog\/?s={search_term_string}"},"query-input":{"@type":"PropertyValueSpecification","valueRequired":true,"valueName":"search_term_string"}}],"inLanguage":"pl-PL"},{"@type":"Organization","@id":"https:\/\/manzuko.com\/blog\/#organization","name":"Manzuko","url":"https:\/\/manzuko.com\/blog\/","logo":{"@type":"ImageObject","inLanguage":"pl-PL","@id":"https:\/\/manzuko.com\/blog\/#\/schema\/logo\/image\/","url":"https:\/\/manzuko.com\/blog\/wp-content\/uploads\/2025\/01\/Manzuko-Logo1111.png","contentUrl":"https:\/\/manzuko.com\/blog\/wp-content\/uploads\/2025\/01\/Manzuko-Logo1111.png","width":824,"height":853,"caption":"Manzuko"},"image":{"@id":"https:\/\/manzuko.com\/blog\/#\/schema\/logo\/image\/"},"sameAs":["https:\/\/pl-pl.facebook.com\/manzukocom\/","https:\/\/pl.pinterest.com\/manzukocom\/","https:\/\/www.instagram.com\/manzukocom\/"],"description":"Blog Manzuko jest miejscem, w kt\u00f3rym zesp\u00f3\u0142 tego sklepu z koralikami stara si\u0119 przybli\u017ca\u0107 pi\u0119kno i kreatywne mo\u017cliwo\u015bci jakie daje samodzielne tworzenie bi\u017cuterii. Na tym blogu znajdziesz porady jak zrobi\u0107 bransoletki i naszyjniki, jak czy\u015bci\u0107 i przechowywa\u0107 bi\u017cuteri\u0119 oraz jakich koralik\u00f3w i p\u00f3\u0142fabrykat\u00f3w u\u017cy\u0107 do poszczeg\u00f3lnych projekt\u00f3w. Posty z tutorialami i poradami przeplatamy takimi, w kt\u00f3rych mn\u00f3stwo jest ciekawostek z zakresu gemmologii jak i trend\u00f3w z wybieg\u00f3w mody i wielkich Gal. Regularnie podpatrujemy dla Was Gal\u0119 wr\u0119czenia Oskar\u00f3w i Met Gal\u0119, \u015bledzimy z zaanga\u017cowaniem bi\u017cuteri\u0119 przewijaj\u0105c\u0105 si\u0119 w filmach. Sklep Manzuko to dziesi\u0105tki tysi\u0119cy koralik\u00f3w i p\u00f3\u0142fabrykat\u00f3w, pomagamy odnale\u017a\u0107 si\u0119 w tym \u015bwiecie nawet laikom, by z przyjemno\u015bci\u0105 da\u0142o si\u0119 tworzy\u0107 pi\u0119kne przedmioty.","email":"sklep@manzuko.com","telephone":"(+48) 733-885-808","legalName":"Koniarscy s.c. Zuzanna Koniarska Mateusz Koniarski","foundingDate":"1993-05-17","vatID":"8431074220","numberOfEmployees":{"@type":"QuantitativeValue","minValue":"1","maxValue":"10"}},{"@type":"Person","@id":"https:\/\/manzuko.com\/blog\/#\/schema\/person\/b98c12ad72579ac42024bf30dd69a182","name":"Martyna Koniarska","image":{"@type":"ImageObject","inLanguage":"pl-PL","@id":"https:\/\/secure.gravatar.com\/avatar\/3e979c0d4f9d86a05be85fe9d41ac3ceb622faf812103768909c7d75fce524a4?s=96&d=initials&r=g&initials=mk","url":"https:\/\/secure.gravatar.com\/avatar\/3e979c0d4f9d86a05be85fe9d41ac3ceb622faf812103768909c7d75fce524a4?s=96&d=initials&r=g&initials=mk","contentUrl":"https:\/\/secure.gravatar.com\/avatar\/3e979c0d4f9d86a05be85fe9d41ac3ceb622faf812103768909c7d75fce524a4?s=96&d=initials&r=g&initials=mk","caption":"Martyna Koniarska"},"description":"Cze\u015b\u0107, jestem Tina i uwa\u017cam si\u0119 za wsp\u00f3\u0142czesn\u0105 kobiet\u0119 renesansu. Moje serce bije dla kreatywno\u015bci we wszystkich jej formach. Chocia\u017c moje zawodowe do\u015bwiadczenie obejmuje handel elektroniczny i marketing, moje zainteresowania i talenty zawsze wykracza\u0142y daleko poza granice mojego \u017cycia zawodowego. Mo\u017cna powiedzie\u0107, \u017ce jestem r\u0119kodzielnicz\u0105 polimatk\u0105, bawi\u0119 si\u0119 wszystkim po trochu i po drodze opanowuj\u0119 ca\u0142kiem sporo umiej\u0119tno\u015bci. Aktualne ulubione formy sp\u0119dzania czasu kreatywnie? Malowanie akwarelami i r\u0119czne tworzenie ma\u0142ych projekt\u00f3w ulepszaj\u0105cych moje mieszkanie.","url":"https:\/\/manzuko.com\/blog\/author\/martyna-koniarska\/"}]}},"_links":{"self":[{"href":"https:\/\/manzuko.com\/blog\/wp-json\/wp\/v2\/posts\/9638","targetHints":{"allow":["GET"]}}],"collection":[{"href":"https:\/\/manzuko.com\/blog\/wp-json\/wp\/v2\/posts"}],"about":[{"href":"https:\/\/manzuko.com\/blog\/wp-json\/wp\/v2\/types\/post"}],"author":[{"embeddable":true,"href":"https:\/\/manzuko.com\/blog\/wp-json\/wp\/v2\/users\/9"}],"replies":[{"embeddable":true,"href":"https:\/\/manzuko.com\/blog\/wp-json\/wp\/v2\/comments?post=9638"}],"version-history":[{"count":11,"href":"https:\/\/manzuko.com\/blog\/wp-json\/wp\/v2\/posts\/9638\/revisions"}],"predecessor-version":[{"id":9674,"href":"https:\/\/manzuko.com\/blog\/wp-json\/wp\/v2\/posts\/9638\/revisions\/9674"}],"wp:featuredmedia":[{"embeddable":true,"href":"https:\/\/manzuko.com\/blog\/wp-json\/wp\/v2\/media\/9668"}],"wp:attachment":[{"href":"https:\/\/manzuko.com\/blog\/wp-json\/wp\/v2\/media?parent=9638"}],"wp:term":[{"taxonomy":"category","embeddable":true,"href":"https:\/\/manzuko.com\/blog\/wp-json\/wp\/v2\/categories?post=9638"},{"taxonomy":"post_tag","embeddable":true,"href":"https:\/\/manzuko.com\/blog\/wp-json\/wp\/v2\/tags?post=9638"}],"curies":[{"name":"wp","href":"https:\/\/api.w.org\/{rel}","templated":true}]}}